{"358712":{"titulo":"Com focos distintos na temporada, Fluminense e Vasco duelam no Maracan\u00e3","link":"https:\/\/www.futebolinterior.com.br\/com-focos-distintos-na-temporada-fluminense-e-vasco-duelam-no-maracana\/","chapeu":"OPOSTOS","data":"03\/11\/2018","imagem":"https:\/\/images.futebolinterior.com.br\/2021\/04\/0002050352197_img-300x188.png","resumo":"O Cruzmaltino briga contra o rebaixamento, enquanto o Tricolor se foca na disputa da Copa Sul-Americana"},"358714":{"titulo":"De volta ao Horto, Atl\u00e9tico-MG enfrenta o Gr\u00eamio para encerrar m\u00e1 fase no Brasileir\u00e3o","link":"https:\/\/www.futebolinterior.com.br\/de-volta-ao-horto-atletico-mg-enfrenta-o-gremio-para-encerrar-ma-fase-no-brasileirao\/","chapeu":"SAI, ZICA!","data":"03\/11\/2018","imagem":"https:\/\/images.futebolinterior.com.br\/2021\/04\/0002050352196_img-300x202.png","resumo":"O Galo n\u00e3o vence h\u00e1 quatro rodadas e ter\u00e1 um forte advers\u00e1rio pela frente nessa s\u00e1bado"},"358725":{"titulo":"Capit\u00e3o descarta favoritismo do Palmeiras no cl\u00e1ssico contra o Santos","link":"https:\/\/www.futebolinterior.com.br\/capitao-descarta-favoritismo-do-palmeiras-no-classico-contra-o-santos\/","chapeu":"SEM VANTAGEM ?","data":"02\/11\/2018","imagem":"https:\/\/images.futebolinterior.com.br\/2021\/04\/0002050352182_img-230x300.jpg","resumo":"Apesar de o time alviverde estar na lideran\u00e7a da competi\u00e7\u00e3o, o jogador tratou de descartar qualquer favoritismo."},"358736":{"titulo":"Bahia x Chapecoense - Ap\u00f3s elimina\u00e7\u00e3o, Tricolor quer se distanciar de vez do Z4","link":"https:\/\/www.futebolinterior.com.br\/bahia-x-chapecoense-apos-eliminacao-tricolor-quer-se-distanciar-de-vez-do-z4\/","chapeu":"BRIGA DIRETA","data":"02\/11\/2018","imagem":"https:\/\/images.futebolinterior.com.br\/2021\/04\/0002050352175_img-300x184.jpg","resumo":"Clube foi eliminado nos p\u00eanaltis pelo Atl\u00e9tico-PR na Sul-Americana e est\u00e1 apenas a tr\u00eas pontos da zona de rebaixamento"},"358740":{"titulo":"Paran\u00e1 x Vit\u00f3ria - Na lanterna, Tricolor que fazer jogo de igual para igual","link":"https:\/\/www.futebolinterior.com.br\/parana-x-vitoria-na-lanterna-tricolor-que-fazer-jogo-de-igual-para-igual\/","chapeu":"DESESPERADOS","data":"02\/11\/2018","imagem":"https:\/\/images.futebolinterior.com.br\/2021\/04\/0002050352173_img-300x168.jpg","resumo":"O advers\u00e1rio tamb\u00e9m n\u00e3o est\u00e1 em situa\u00e7\u00e3o confort\u00e1vel e encara o duelo como decis\u00e3o"},"358742":{"titulo":"Botafogo x Corinthians - Sem Kieza, cariocas buscam vencer ap\u00f3s cinco jogos","link":"https:\/\/www.futebolinterior.com.br\/botafogo-x-corinthians-sem-kieza-cariocas-buscam-vencer-apos-cinco-jogos\/","chapeu":"M\u00c1 FASE","data":"02\/11\/2018","imagem":"https:\/\/images.futebolinterior.com.br\/2021\/04\/0002050352170_img-300x176.jpg","resumo":"O advers\u00e1rio vem motivado ap\u00f3s vit\u00f3ria sobre o Bahia, encerrando sequ\u00eancia de cinco partidas sem vit\u00f3rias"},"358728":{"titulo":"Confira todas as transmiss\u00f5es de TV para os jogos deste S\u00c1BADO!","link":"https:\/\/www.futebolinterior.com.br\/confira-todas-as-transmissoes-de-tv-para-os-jogos-deste-sabado\/","chapeu":"FIQUE LIGADO!","data":"02\/11\/2018","imagem":"https:\/\/images.futebolinterior.com.br\/2021\/04\/0002050352179_img-296x300.jpg","resumo":"O s\u00e1bado contar\u00e1 com os cl\u00e1ssicos entre Fluminense e Vasco e Palmeiras e Santos"},"358734":{"titulo":"Contra rebaixamento, Z\u00e9 Ricardo quer fim do jejum de vit\u00f3rias no Botafogo","link":"https:\/\/www.futebolinterior.com.br\/contra-rebaixamento-ze-ricardo-quer-fim-do-jejum-de-vitorias-no-botafogo\/","chapeu":"REA\u00c7\u00c3O","data":"02\/11\/2018","imagem":"https:\/\/images.futebolinterior.com.br\/2021\/04\/0002050352178_img-300x176.jpg","resumo":"\"\u00c9 vencer ou vencer no domingo. Tem que ter organiza\u00e7\u00e3o, o Corinthians \u00e9 uma equipe perigosa\", alertou"},"358757":{"titulo":"Levir cita azar no Atl\u00e9tico-MG e confirma Terans titular, mas diz: 'N\u00e3o conhe\u00e7o'","link":"https:\/\/www.futebolinterior.com.br\/levir-cita-azar-no-atletico-mg-e-confirma-terans-titular-mas-diz-nao-conheco\/","chapeu":"DESCONHECE?","data":"02\/11\/2018","imagem":"https:\/\/images.futebolinterior.com.br\/2021\/04\/0002050352166_img-300x200.jpg","resumo":"\"N\u00e3o o conhe\u00e7o bem. Alguns jogadores eu n\u00e3o conhe\u00e7o bem\", confirmou o treinador"},"358755":{"titulo":"Diego Aguirre faz mist\u00e9rio e n\u00e3o revela S\u00e3o Paulo que enfrentar\u00e1 o Flamengo","link":"https:\/\/www.futebolinterior.com.br\/diego-aguirre-faz-misterio-e-nao-revela-sao-paulo-que-enfrentara-o-flamengo\/","chapeu":"QUEM JOGA?","data":"02\/11\/2018","imagem":"https:\/\/images.futebolinterior.com.br\/2021\/04\/0002050352164_img-300x193.jpg","resumo":"O t\u00e9cnico uruguaio Diego Aguirre permitiu o acesso da imprensa apenas na parte inicial do treinamento desta sexta-feira no S\u00e3o Paulo, quando pouco se viu a respeito da forma\u00e7\u00e3o tit"}}