{"358638":{"titulo":"Atl\u00e9tico-MG 0 x 1 Gr\u00eamio - Tricolor foca o Brasileir\u00e3o e supera o Galo em Minas","link":"https:\/\/www.futebolinterior.com.br\/atletico-mg-0-x-1-gremio-tricolor-foca-o-brasileirao-e-supera-o-galo-em-minas\/","chapeu":"TRICOLOR BEM","data":"03\/11\/2018","imagem":0,"resumo":"O resultado manteve o Gr\u00eamio ainda em quinto lugar, mas agora com 55 pontos, bem perto de seus concorrentes mais diretos"},"358668":{"titulo":"Com tr\u00eas baixas e volta de Dami\u00e3o, Inter encerra prepara\u00e7\u00e3o para jogo de domingo","link":"https:\/\/www.futebolinterior.com.br\/com-tres-baixas-e-volta-de-damiao-inter-encerra-preparacao-para-jogo-de-domingo\/","chapeu":"TUDO PRONTO","data":"03\/11\/2018","imagem":"https:\/\/images.futebolinterior.com.br\/2021\/04\/0002050352229_img-300x147.jpg","resumo":"Rodrigo Dourado, Eden\u00edlson e Jonatan Alvez v\u00e3o cumprir suspens\u00e3o na rodada deste fim de semana"},"358662":{"titulo":"Pol\u00edcia diz que assassino entrou em contato com a fam\u00edlia de Daniel","link":"https:\/\/www.futebolinterior.com.br\/policia-diz-que-assassino-entrou-em-contato-com-a-familia-de-daniel\/","chapeu":"SANGUE FRIO","data":"03\/11\/2018","imagem":"https:\/\/images.futebolinterior.com.br\/2021\/04\/0002050352227_img-169x300.jpg","resumo":"A jovem Allana Brittes tamb\u00e9m trocou mensagems com a m\u00e3e e a tia do jogador um dia depois do crime"},"358672":{"titulo":"S\u00e3o Paulo x Flamengo - Tricolor encara vice-l\u00edder para ainda sonhar com t\u00edtulo","link":"https:\/\/www.futebolinterior.com.br\/sao-paulo-x-flamengo-tricolor-encara-vice-lider-para-ainda-sonhar-com-titulo\/","chapeu":"SER\u00c1?","data":"03\/11\/2018","imagem":"https:\/\/images.futebolinterior.com.br\/2021\/04\/0002050352225_img-300x193.jpg","resumo":"O time paulista est\u00e1 em quarto lugar com 56 pontos, atr\u00e1s de Palmeiras (63), Flamengo (59) e Internacional (58)"},"358687":{"titulo":"Sem Jadson e Sheik, Jair Ventura define relacionados do Corinthians","link":"https:\/\/www.futebolinterior.com.br\/sem-jadson-e-sheik-jair-ventura-define-relacionados-do-corinthians\/","chapeu":"DESFALCADO","data":"03\/11\/2018","imagem":"https:\/\/images.futebolinterior.com.br\/2021\/04\/0002050352221_img-300x200.jpg","resumo":"Danilo deve ser titular como centroavante e Araos tamb\u00e9m aparece como novidade na escala\u00e7\u00e3o"},"358818":{"titulo":"Fluminense x Vasco - Vivo na Sul-Americana, Tricolor tem cl\u00e1ssico pela frente no BR","link":"https:\/\/www.futebolinterior.com.br\/fluminense-x-vasco-vivo-na-sul-americana-tricolor-tem-classico-pela-frente-no-br\/","chapeu":"\u00c9 CL\u00c1SSICO","data":"03\/11\/2018","imagem":"https:\/\/images.futebolinterior.com.br\/2021\/04\/0002050352101_img-300x200.jpg","resumo":"Por outro lado, o cruzmaltino precisa demais da vit\u00f3ria para se afastar de vez da zona de rebaixamento"},"358833":{"titulo":"Atl\u00e9tico-MG x Gr\u00eamio - Galo e Tricolor Ga\u00facho fazem duelo direto pelo G6","link":"https:\/\/www.futebolinterior.com.br\/atletico-mg-x-gremio-galo-e-tricolor-gaucho-fazem-duelo-direto-pelo-g6\/","chapeu":"PROMETE","data":"03\/11\/2018","imagem":"https:\/\/images.futebolinterior.com.br\/2021\/04\/0002050352083_img-300x200.jpg","resumo":"Ap\u00f3s a elimina\u00e7\u00e3o na Libertadores, o time ga\u00facho busca reabilita\u00e7\u00e3o no Brasileir\u00e3o para seguir na parte de cima da tabela"},"358768":{"titulo":"Palmeiras x Santos - Alviverde faz cl\u00e1ssico contra Peixe e tenta se isolar ainda mais","link":"https:\/\/www.futebolinterior.com.br\/palmeiras-x-santos-alviverde-faz-classico-contra-peixe-e-tenta-se-isolar-ainda-mais\/","chapeu":"QUE JOGO AMIGOS","data":"03\/11\/2018","imagem":"https:\/\/images.futebolinterior.com.br\/2021\/04\/0002050352158_img-300x164.jpg","resumo":"Do outro lado, o time praiano precisa demais dos tr\u00eas pontos para em caso de uma combina\u00e7\u00e3o de resultado entrar no G6"},"358708":{"titulo":"'O Corinthians n\u00e3o pode olhar para baixo', diz Jair Ventura sobre o Brasileir\u00e3o","link":"https:\/\/www.futebolinterior.com.br\/o-corinthians-nao-pode-olhar-para-baixo-diz-jair-ventura-sobre-o-brasileirao\/","chapeu":"ENTREVISTA","data":"03\/11\/2018","imagem":"https:\/\/images.futebolinterior.com.br\/2021\/04\/0002050352199_img-300x188.jpg","resumo":"O t\u00e9cnico do Corinthians falou sobre a situa\u00e7\u00e3o do clube e sua carreira em entrevista"},"358710":{"titulo":"Palmeiras faz cl\u00e1ssico contra o Santos e tenta aumentar dist\u00e2ncia na lideran\u00e7a","link":"https:\/\/www.futebolinterior.com.br\/palmeiras-faz-classico-contra-o-santos-e-tenta-aumentar-distancia-na-lideranca\/","chapeu":"QUE JOG\u00c3O","data":"03\/11\/2018","imagem":"https:\/\/images.futebolinterior.com.br\/2021\/04\/0002050352198_img-300x200.jpg","resumo":"Ap\u00f3s a elimina\u00e7\u00e3o na Libertadores, o time de Felip\u00e3o tenta seguir em boa fase no Brasileiro"}}