{"358121":{"titulo":"L\u00e9o Santos destaca for\u00e7a do Corinthians: 'Somos o \u00fanico paulista com t\u00edtulo'","link":"https:\/\/www.futebolinterior.com.br\/leo-santos-destaca-forca-do-corinthians-somos-o-unico-paulista-com-titulo\/","chapeu":"VALORIZANDO","data":"06\/11\/2018","imagem":"https:\/\/images.futebolinterior.com.br\/2021\/04\/0002050352858_img-300x225.jpg","resumo":"Zagueiro v\u00ea o time alvinegro no mesmo n\u00edvel do S\u00e3o Paulo, advers\u00e1rio deste s\u00e1bado, na Arena Corinthians"},"358123":{"titulo":"Santos usar\u00e1 uniforme em alus\u00e3o \u00e0 campanha de preven\u00e7\u00e3o ao c\u00e2ncer de pr\u00f3stata","link":"https:\/\/www.futebolinterior.com.br\/santos-usara-uniforme-em-alusao-a-campanha-de-prevencao-ao-cancer-de-prostata\/","chapeu":"NOVEMBRO AZUL!","data":"06\/11\/2018","imagem":"https:\/\/images.futebolinterior.com.br\/2021\/04\/0002050352849_img-300x300.jpg","resumo":"Para aderir ao movimento do Novembro Azul, o time paulista entrar\u00e1 em campo na pr\u00f3xima rodada do Campeonato Brasileiro com um uniforme especial, com detalhes em azul"},"358138":{"titulo":"Com treino fechado, Palmeiras inicia prepara\u00e7\u00e3o para duelo com o Atl\u00e9tico-MG","link":"https:\/\/www.futebolinterior.com.br\/com-treino-fechado-palmeiras-inicia-preparacao-para-duelo-com-o-atletico-mg\/","chapeu":"DUELO DECISIVO!","data":"06\/11\/2018","imagem":"https:\/\/images.futebolinterior.com.br\/2021\/04\/0002050352839_img-300x177.jpg","resumo":"Ap\u00f3s um dia de folga, o Palmeiras voltou aos treinamentos nesta ter\u00e7a, na Academia de Futebol, visando o jogo de domingo, \u00e0s 17h, no est\u00e1dio Independ\u00eancia, contra o Atl\u00e9tico-MG"},"358145":{"titulo":"Vit\u00f3ria anuncia demiss\u00e3o de Carpegiani e interino fica at\u00e9 o final do Brasileir\u00e3o","link":"https:\/\/www.futebolinterior.com.br\/vitoria-anuncia-demissao-de-carpegiani-e-interino-fica-ate-o-final-do-brasileirao\/","chapeu":"CORTADO!","data":"06\/11\/2018","imagem":"https:\/\/images.futebolinterior.com.br\/2021\/04\/0002050352829_img-300x189.jpg","resumo":"Treinador chegou a tr\u00eas partidas sem vencer e deixa o clube ap\u00f3s 14 pontos; Le\u00e3o briga para n\u00e3o cair"},"358177":{"titulo":"Daronco d\u00e1 cart\u00e3o para jogador do Sport, mas puni\u00e7\u00e3o n\u00e3o consta na s\u00famula","link":"https:\/\/www.futebolinterior.com.br\/daronco-da-cartao-para-jogador-do-sport-mas-punicao-nao-consta-na-sumula\/","chapeu":"PUNIU OU N\u00c3O?","data":"06\/11\/2018","imagem":"https:\/\/images.futebolinterior.com.br\/2021\/04\/0002050352800_img-300x135.jpg","resumo":"Ap\u00f3s comemora\u00e7\u00e3o do gol, o meia Gabriel tomou o cart\u00e3o amarelo por comemorar na grade, mas a puni\u00e7\u00e3o n\u00e3o foi adiante"},"358181":{"titulo":"Sem Dudu e Willian, Felip\u00e3o prepara ataque 'alternativo' no Palmeiras","link":"https:\/\/www.futebolinterior.com.br\/sem-dudu-e-willian-felipao-prepara-ataque-alternativo-no-palmeiras\/","chapeu":"COM MUDAN\u00c7AS","data":"06\/11\/2018","imagem":"https:\/\/images.futebolinterior.com.br\/2021\/04\/0002050352801_img-300x175.jpg","resumo":"Como refer\u00eancia na \u00e1rea, o treinador poder\u00e1 escolher entre Borja e Deyverson"},"358183":{"titulo":"\u200bV\u00eddeos mostram Daniel e \u201cJuninho Riqueza\u201d juntos em festas horas antes do assassinato","link":"https:\/\/www.futebolinterior.com.br\/%e2%80%8bvideos-mostram-daniel-e-juninho-riqueza-juntos-em-festas-horas-antes-do-assassinato\/","chapeu":"HORAS ANTES!","data":"06\/11\/2018","imagem":"https:\/\/images.futebolinterior.com.br\/2021\/04\/0002050352787_img-300x170.jpg","resumo":"Edson Brittes, autor confesso do crime, e Daniel Corr\u00eaia aparecem juntos em imagem num boate na noite de sexta"},"358188":{"titulo":"Botafogo aposta e contrata destaque do Flamengo-SP na Segundona Paulista","link":"https:\/\/www.futebolinterior.com.br\/botafogo-aposta-e-contrata-destaque-do-flamengo-sp-na-segundona-paulista\/","chapeu":"QUE ISSO EIN","data":"06\/11\/2018","imagem":"https:\/\/images.futebolinterior.com.br\/2021\/04\/0002050352785_img-300x224.jpg","resumo":"O meia-atacante Z\u00e9 Gatinha esteve entre os melhores do estadual na Sele\u00e7\u00e3o FI e assina um contrato com o Fog\u00e3o at\u00e9 abril de 2019"},"358198":{"titulo":"Em alta no Palmeiras, Dudu \u00e9 o mais 'ca\u00e7ado' do Campeonato Brasileiro","link":"https:\/\/www.futebolinterior.com.br\/em-alta-no-palmeiras-dudu-e-o-mais-cacado-do-campeonato-brasileiro\/","chapeu":"EM CIMA DELE","data":"06\/11\/2018","imagem":"https:\/\/images.futebolinterior.com.br\/2021\/04\/0002050352780_img-300x199.jpg","resumo":"Segundo dados do Footstats, o palmeirense recebeu 94 faltas em 26 jogos do torneio. S\u00e3o mais de tr\u00eas \"pancadas\" por jogo"},"358202":{"titulo":"Com queda de rendimento dos 'medalh\u00f5es', garotos ganham moral no S\u00e3o Paulo","link":"https:\/\/www.futebolinterior.com.br\/com-queda-de-rendimento-dos-medalhoes-garotos-ganham-moral-no-sao-paulo\/","chapeu":"\u00c9 A VEZ DELES","data":"06\/11\/2018","imagem":"https:\/\/images.futebolinterior.com.br\/2021\/04\/0002050352778_img-300x193.jpg","resumo":"N\u00e3o que a partir de agora a safra \"made in Cotia\", como gosta de dizer o clube, ter\u00e1 lugar cativo na equipe"}}