{"358074":{"titulo":"Cartola do Vit\u00f3ria faz cara feia para a escala\u00e7\u00e3o de \u00e1rbitro paulista no Ba-Vi","link":"https:\/\/www.futebolinterior.com.br\/cartola-do-vitoria-faz-cara-feia-para-a-escalacao-de-arbitro-paulista-no-ba-vi\/","chapeu":"#ELEN\u00c3O","data":"06\/11\/2018","imagem":"https:\/\/images.futebolinterior.com.br\/2021\/04\/0002050352888_img-300x222.jpg","resumo":"\u00c0 tarde ele falou poucas e boas sobre o \u00e1rbitro paulista Luiz Fl\u00e1vio de Oliveira, escalado para dirigir o Ba-Vi, domingo no Barrad\u00e3o."},"358078":{"titulo":"F\u00e1bio Santos afirma que problemas internos influenciam para m\u00e1 fase do Atl\u00e9tico-MG","link":"https:\/\/www.futebolinterior.com.br\/fabio-santos-afirma-que-problemas-internos-influenciam-para-ma-fase-do-atletico-mg\/","chapeu":"VISH...","data":"06\/11\/2018","imagem":"https:\/\/images.futebolinterior.com.br\/2021\/04\/0002050352883_img-300x192.jpg","resumo":"Para F\u00e1bio Santos, um dos l\u00edderes do elenco, as mudan\u00e7as \u2013 do treinador e do diretor de futebol - e os sal\u00e1rios atrasados est\u00e3o atrapalhando na continuidade do Brasileir\u00e3o"},"358088":{"titulo":"Com futuro indefinido no Gr\u00eamio, L\u00e9o Moura pode voltar ao Flamengo","link":"https:\/\/www.futebolinterior.com.br\/com-futuro-indefinido-no-gremio-leo-moura-pode-voltar-ao-flamengo\/","chapeu":"BATEU A SAUDADE","data":"06\/11\/2018","imagem":"https:\/\/images.futebolinterior.com.br\/2021\/04\/0002050352875_img-300x200.jpg","resumo":"Jogador de 40 anos tem v\u00ednculo com o clube ga\u00facho at\u00e9 o final do ano e j\u00e1 manifestou o desejo de encerrar a carreira no Rubro-negro"},"358099":{"titulo":"Ramon prev\u00ea um Vasco forte e confiante para buscar pontos contra o Gr\u00eamio no Sul","link":"https:\/\/www.futebolinterior.com.br\/ramon-preve-um-vasco-forte-e-confiante-para-buscar-pontos-contra-o-gremio-no-sul\/","chapeu":"AGORA VAI?","data":"06\/11\/2018","imagem":"https:\/\/images.futebolinterior.com.br\/2021\/04\/0002050352873_img-300x200.jpg","resumo":"Lateral-esquerdo consiga ser mais regular para sair da inc\u00f4moda situa\u00e7\u00e3o na qual se encontra"},"358090":{"titulo":"Internacional inicia prepara\u00e7\u00e3o para enfrentar Cear\u00e1 com volta de Rodrigo Dourado","link":"https:\/\/www.futebolinterior.com.br\/internacional-inicia-preparacao-para-enfrentar-ceara-com-volta-de-rodrigo-dourado\/","chapeu":"BOM REFOR\u00c7O","data":"06\/11\/2018","imagem":"https:\/\/images.futebolinterior.com.br\/2021\/04\/0002050352872_img-300x178.jpg","resumo":"Um dos l\u00edderes do atual elenco cumpriu suspens\u00e3o autom\u00e1tica na vit\u00f3ria sobre o Atl\u00e9tico-PR"},"358082":{"titulo":"Apesar de gol pelo Santos, Copete admite: 'Sei que n\u00e3o estou em bom momento'","link":"https:\/\/www.futebolinterior.com.br\/apesar-de-gol-pelo-santos-copete-admite-sei-que-nao-estou-em-bom-momento\/","chapeu":"M\u00c1 FASE","data":"06\/11\/2018","imagem":"https:\/\/images.futebolinterior.com.br\/2021\/04\/0002050352871_img-300x162.jpg","resumo":"O atacante colombiano voltou a marcar, mas n\u00e3o evitou a derrota por 3 a 2 para o Palmeiras"},"358101":{"titulo":"Preservado ap\u00f3s queda para o River, Bressan volta aos treinos no Gr\u00eamio","link":"https:\/\/www.futebolinterior.com.br\/preservado-apos-queda-para-o-river-bressan-volta-aos-treinos-no-gremio\/","chapeu":"OI, SUMIDO!","data":"06\/11\/2018","imagem":"https:\/\/images.futebolinterior.com.br\/2021\/04\/0002050352870_img-300x202.jpg","resumo":"O defensor n\u00e3o participava das atividades com os companheiros desde ter\u00e7a-feira passada"},"358084":{"titulo":"\u00cdbis Sport Club zoa Paran\u00e1 ap\u00f3s rebaixamento no Brasileir\u00e3o","link":"https:\/\/www.futebolinterior.com.br\/ibis-sport-club-zoa-parana-apos-rebaixamento-no-brasileirao\/","chapeu":"QUE FASE","data":"06\/11\/2018","imagem":"https:\/\/images.futebolinterior.com.br\/2021\/04\/0002050352869_img-300x266.jpg","resumo":"A brincadeira aconteceu no twitter e o clube pernambucano ainda pediu jogadores ao Tricolor"},"358086":{"titulo":"Leandro Pereira revela conta para Chapecoense sair da degola","link":"https:\/\/www.futebolinterior.com.br\/leandro-pereira-revela-conta-para-chapecoense-sair-da-degola\/","chapeu":"CALCULANDO!","data":"06\/11\/2018","imagem":"https:\/\/images.futebolinterior.com.br\/2021\/04\/0002050352868_img-300x200.jpg","resumo":"O time catarinense tem 34 pontos, contra 36 do Sport, primeiro fora da zona de rebaixamento"},"358097":{"titulo":"Vice de futebol do Sport promete quitar sal\u00e1rios atrasados at\u00e9 o fim do Brasileir\u00e3o","link":"https:\/\/www.futebolinterior.com.br\/vice-de-futebol-do-sport-promete-quitar-salarios-atrasados-ate-o-fim-do-brasileirao\/","chapeu":"QUE SITUA\u00c7\u00c3O","data":"06\/11\/2018","imagem":"https:\/\/images.futebolinterior.com.br\/2021\/04\/0002050352862_img-300x200.jpg","resumo":"Apesar dos problemas fora de campo, o time pernambucano vem de tr\u00eas vit\u00f3rias seguidas e saiu do Z4"}}