{"357973":{"titulo":"Ex-t\u00e9cnico da base aposta em Carlos, Bilu e Fabr\u00edcio no Corinthians em 2019","link":"https:\/\/www.futebolinterior.com.br\/ex-tecnico-da-base-aposta-em-carlos-bilu-e-fabricio-no-corinthians-em-2019\/","chapeu":"BASE VEM COMO","data":"07\/11\/2018","imagem":"https:\/\/images.futebolinterior.com.br\/2021\/04\/0002050353017_img-300x193.jpg","resumo":"M\u00e1rcio Zanardi, acredita que ao menos outros tr\u00eas jovens atletas formados por ele devem se firmar no time na pr\u00f3xima temporada"},"357979":{"titulo":"Com apenas 11 jogos pelo Bahia, jovem meia j\u00e1 \u00e9 observado por times europeus","link":"https:\/\/www.futebolinterior.com.br\/com-apenas-11-jogos-pelo-bahia-jovem-meia-ja-e-observado-por-times-europeus\/","chapeu":"MALAS PRONTAS","data":"07\/11\/2018","imagem":"https:\/\/images.futebolinterior.com.br\/2021\/04\/0002050353006_img-300x169.jpg","resumo":"Isso por que Arsenal-ING e Atl\u00e9tico de Madrid-ESP j\u00e1 mandaram observadores para Salvador para analisar o futebol do garoto"},"357999":{"titulo":"'N\u00e3o h\u00e1 no Brasil um meia como Pedrinho', diz t\u00e9cnico que revelou meia corintiano","link":"https:\/\/www.futebolinterior.com.br\/nao-ha-no-brasil-um-meia-como-pedrinho-diz-tecnico-que-revelou-meia-corintiano\/","chapeu":"ENTENDE","data":"07\/11\/2018","imagem":"https:\/\/images.futebolinterior.com.br\/2021\/04\/0002050353000_img-300x208.jpg","resumo":"O cara que viu no menino magrelo de 14 anos um talento n\u00e3o economizou elogios para falar do jogador "},"358011":{"titulo":"Apresentador de TV larga o pau no Corinthians e tira uma casquinha do Palmeiras. VEJA !","link":"https:\/\/www.futebolinterior.com.br\/apresentador-de-tv-larga-o-pau-no-corinthians-e-tira-uma-casquinha-do-palmeiras-veja\/","chapeu":"S\u00d3 VENDO MESMO","data":"07\/11\/2018","imagem":0,"resumo":"V\u00eddeo mostra o que pode acontecer com o Tim\u00e3o se n\u00e3o melhorar nas \u00faltimas rodadas e cutuca o Palmeiras"},"362477":{"titulo":"Brasileir\u00e3o chega a 28\u00aa troca de t\u00e9cnico em 2018; Quatro n\u00e3o mudaram","link":"https:\/\/www.futebolinterior.com.br\/brasileirao-chega-a-28a-troca-de-tecnico-em-2018-quatro-nao-mudaram\/","chapeu":"CONFIRA A LISTA","data":"06\/11\/2018","imagem":"https:\/\/images.futebolinterior.com.br\/2021\/04\/0002050352977_img-300x200.jpg","resumo":"Guto Ferreira deixou a Chapecoense nesta segunda-feira e encabe\u00e7a a lista"},"358048":{"titulo":"Andr\u00e9s Sanchez diz que liberou Jean para facilitar contrata\u00e7\u00e3o do Corinthians","link":"https:\/\/www.futebolinterior.com.br\/andres-sanchez-diz-que-liberou-jean-para-facilitar-contratacao-do-corinthians\/","chapeu":"MIST\u00c9RIO","data":"06\/11\/2018","imagem":"https:\/\/images.futebolinterior.com.br\/2021\/04\/0002050352946_img-300x171.jpg","resumo":"O jogador est\u00e1 emprestado ao Botafogo e foi o \u00fanico liberado pelo Tim\u00e3o para entrar em campo no domingo"},"358036":{"titulo":"Thiago Neves aposta com presidente que Cruzeiro vai ficar em quinto no Brasileiro","link":"https:\/\/www.futebolinterior.com.br\/thiago-neves-aposta-com-presidente-que-cruzeiro-vai-ficar-em-quinto-no-brasileiro\/","chapeu":"VALE GRANA!","data":"06\/11\/2018","imagem":"https:\/\/images.futebolinterior.com.br\/2021\/04\/0002050352935_img-300x200.jpg","resumo":"O jogador colocou uma meta pessoal: somar 18 gols na temporada e ultrapassar a sua melhor marca"},"358050":{"titulo":"Rodinei ainda acredita em uma reviravolta a favor do Flamengo no Brasileir\u00e3o","link":"https:\/\/www.futebolinterior.com.br\/rodinei-ainda-acredita-em-uma-reviravolta-a-favor-do-flamengo-no-brasileirao\/","chapeu":"OTIMISTA","data":"06\/11\/2018","imagem":"https:\/\/images.futebolinterior.com.br\/2021\/04\/0002050352912_img-300x200.jpg","resumo":"O Rubro-Negro Carioca est\u00e1 na terceira coloca\u00e7\u00e3o com seis pontos a menos do que o l\u00edder Palmeiras"},"358061":{"titulo":"Jadson participa de treino f\u00edsico no Corinthians, mas continua como d\u00favida","link":"https:\/\/www.futebolinterior.com.br\/jadson-participa-de-treino-fisico-no-corinthians-mas-continua-como-duvida\/","chapeu":"INCERTEZA","data":"06\/11\/2018","imagem":"https:\/\/images.futebolinterior.com.br\/2021\/04\/0002050352906_img-300x217.jpg","resumo":"Meia se recupera de um problema na panturrilha direita e pode desfalcar o time no cl\u00e1ssico contra o S\u00e3o Paulo"},"358056":{"titulo":"Palmeiras pode fechar Campeonato com melhor campanha da hist\u00f3ria","link":"https:\/\/www.futebolinterior.com.br\/palmeiras-pode-fechar-campeonato-com-melhor-campanha-da-historia\/","chapeu":"T\u00c1 F\u00c1CIL","data":"06\/11\/2018","imagem":"https:\/\/images.futebolinterior.com.br\/2021\/04\/0002050352965_img-287x300.jpg","resumo":"Com 66 pontos, o Verd\u00e3o lidera com cinco de vantagem sobre o Internacional, o segundo"}}