{"357909":{"titulo":"Luan diz que Atl\u00e9tico-MG 'tem que vencer de qualquer jeito' o Palmeiras","link":"https:\/\/www.futebolinterior.com.br\/luan-diz-que-atletico-mg-tem-que-vencer-de-qualquer-jeito-o-palmeiras\/","chapeu":"OBRIGA\u00c7\u00c3O?","data":"07\/11\/2018","imagem":"https:\/\/images.futebolinterior.com.br\/2021\/04\/0002050353072_img-300x200.jpg","resumo":"\"A \u00fanica forma de virar esse jogo \u00e9 vencer no domingo\", declarou nesta quarta-feira"},"357897":{"titulo":"Aos 39 anos, zagueiro renova contrato com o Flamengo at\u00e9 abril de 2019","link":"https:\/\/www.futebolinterior.com.br\/aos-39-anos-zagueiro-renova-contrato-com-o-flamengo-ate-abril-de-2019\/","chapeu":"ELE FICA","data":"07\/11\/2018","imagem":"https:\/\/images.futebolinterior.com.br\/2021\/04\/0002050353068_img-300x195.jpg","resumo":"Juan sofreu uma ruptura do tend\u00e3o de Aquiles em setembro e precisou passar por cirurgia que vai tir\u00e1-lo do resto da temporada"},"357893":{"titulo":"Ernando exalta evolu\u00e7\u00e3o do sistema defensivo do Sport na reta final do Brasileir\u00e3o","link":"https:\/\/www.futebolinterior.com.br\/ernando-exalta-evolucao-do-sistema-defensivo-do-sport-na-reta-final-do-brasileirao\/","chapeu":"OPA!","data":"07\/11\/2018","imagem":"https:\/\/images.futebolinterior.com.br\/2021\/04\/0002050353063_img-300x206.jpg","resumo":"Zagueiro comemorou o fato de o Sport ter batido o Cear\u00e1 sem sofrer gols, na Ilha do Retiro"},"357948":{"titulo":"Ariel celebra sequ\u00eancia como titular do Cruzeiro e se diz agradecido a Mano","link":"https:\/\/www.futebolinterior.com.br\/ariel-celebra-sequencia-como-titular-do-cruzeiro-e-se-diz-agradecido-a-mano\/","chapeu":"VALEU!","data":"07\/11\/2018","imagem":"https:\/\/images.futebolinterior.com.br\/2021\/04\/0002050353054_img-300x200.jpg","resumo":"Volante argentino ganhou a vaga de Lucas Silva nos dois jogos da decis\u00e3o da Copa do Brasil diante do Corinthians"},"357929":{"titulo":"Palmeiras tem a tabela mais dif\u00edcil at\u00e9 o fim do Brasileir\u00e3o, diz Jean","link":"https:\/\/www.futebolinterior.com.br\/palmeiras-tem-a-tabela-mais-dificil-ate-o-fim-do-brasileirao-diz-jean\/","chapeu":"SER\u00c1?","data":"07\/11\/2018","imagem":"https:\/\/images.futebolinterior.com.br\/2021\/04\/0002050353040_img-300x191.jpg","resumo":"O lateral Jean afirmou que o Palmeiras ter\u00e1 uma sequ\u00eancia de jogos mais dif\u00edcil que os outros candidatos ao t\u00edtulo at\u00e9 o final do Campeonato Brasileiro"},"357946":{"titulo":"Lugano no S\u00e3o Paulo: 'No pacote Nen\u00ea est\u00e1 inclu\u00eddo o biquinho quando n\u00e3o joga'","link":"https:\/\/www.futebolinterior.com.br\/lugano-no-sao-paulo-no-pacote-nene-esta-incluido-o-biquinho-quando-nao-joga\/","chapeu":"POL\u00caMICA","data":"07\/11\/2018","imagem":"https:\/\/images.futebolinterior.com.br\/2021\/04\/0002050353036_img-300x193.jpg","resumo":" O uruguaio vivenciou situa\u00e7\u00e3o parecida no ano passado, quando passou quase a temporada toda no banco de reservas"},"357938":{"titulo":"S\u00e3o Paulo treina sem Diego Souza, mas tem volta do lesionado Everton Felipe","link":"https:\/\/www.futebolinterior.com.br\/sao-paulo-treina-sem-diego-souza-mas-tem-volta-do-lesionado-everton-felipe\/","chapeu":"BAIXA E RETORNO","data":"07\/11\/2018","imagem":"https:\/\/images.futebolinterior.com.br\/2021\/04\/0002050353034_img-300x184.png","resumo":"Apesar da aus\u00eancia na atividade, artilheiro da equipe n\u00e3o preocupa para o cl\u00e1ssico de s\u00e1bado, contra o Corinthians"},"357950":{"titulo":"Sem Moledo e Dourado, Odair comanda treino sem dar pistas de escala\u00e7\u00e3o no Inter","link":"https:\/\/www.futebolinterior.com.br\/sem-moledo-e-dourado-odair-comanda-treino-sem-dar-pistas-de-escalacao-no-inter\/","chapeu":"QUEM JOGA?","data":"07\/11\/2018","imagem":"https:\/\/images.futebolinterior.com.br\/2021\/04\/0002050353033_img-300x200.jpg","resumo":"O volante Eden\u00edlson e o atacante Jonatan Alvez, tamb\u00e9m desfalques contra o Atl\u00e9tico-PR por suspens\u00e3o, trabalharam normalmente"},"357933":{"titulo":"Rebaixado, Paran\u00e1 leva jogo contra Palmeiras para Londrina","link":"https:\/\/www.futebolinterior.com.br\/rebaixado-parana-leva-jogo-contra-palmeiras-para-londrina\/","chapeu":"MUDOU!","data":"07\/11\/2018","imagem":"https:\/\/images.futebolinterior.com.br\/2021\/04\/0002050353032_img-300x204.jpg","resumo":"O duelo est\u00e1 marcado para o dia 18 de novembro e \u00e9 v\u00e1lido pela 35\u00aa rodada"},"357967":{"titulo":"Narrador da Globo canta durante intervalo, som acaba no ar e viraliza na internet","link":"https:\/\/www.futebolinterior.com.br\/narrador-da-globo-canta-durante-intervalo-som-acaba-no-ar-e-viraliza-na-internet\/","chapeu":"GAFE!","data":"07\/11\/2018","imagem":0,"resumo":"Durante a narra"}}