{"357810":{"titulo":"Marcus Salum banca Adilson Batista e convoca torcida do Am\u00e9rica-MG","link":"https:\/\/www.futebolinterior.com.br\/marcus-salum-banca-adilson-batista-e-convoca-torcida-do-america-mg\/","chapeu":"ELE FICA","data":"07\/11\/2018","imagem":"https:\/\/images.futebolinterior.com.br\/2021\/04\/0002050353134_img-300x245.jpg","resumo":"O Coelho amarga um jejum de nove jogos sem vit\u00f3ria e entrou na zona de rebaixamento"},"357836":{"titulo":"Deyverson, Felip\u00e3o e Alexandre Mattos ser\u00e3o julgados segunda-feira pelo STJD","link":"https:\/\/www.futebolinterior.com.br\/deyverson-felipao-e-alexandre-mattos-serao-julgados-segunda-feira-pelo-stjd\/","chapeu":"EXPECTATIVA","data":"07\/11\/2018","imagem":"https:\/\/images.futebolinterior.com.br\/2021\/04\/0002050353125_img-300x187.jpg","resumo":"O julgamento ser\u00e1 realizado pela Primeira Comiss\u00e3o Disciplinar \u00e0s 11 horas"},"357830":{"titulo":"Poss\u00edvel desfalque de Ver\u00edssimo pode obrigar Cuca a improvisar Yuri no Santos","link":"https:\/\/www.futebolinterior.com.br\/possivel-desfalque-de-verissimo-pode-obrigar-cuca-a-improvisar-yuri-no-santos\/","chapeu":"COMPLICADO!","data":"07\/11\/2018","imagem":"https:\/\/images.futebolinterior.com.br\/2021\/04\/0002050353123_img-300x130.jpg","resumo":"Outros desfalques certos contra a Chapecoense ser\u00e3o o atacante Gabriel e o volante Diego Pituca, ambos suspensos"},"357840":{"titulo":"Luan faz trabalho f\u00edsico e Kannemann \u00e9 desfalque em treino do Gr\u00eamio","link":"https:\/\/www.futebolinterior.com.br\/luan-faz-trabalho-fisico-e-kannemann-e-desfalque-em-treino-do-gremio\/","chapeu":"TRABALHANDO","data":"07\/11\/2018","imagem":"https:\/\/images.futebolinterior.com.br\/2021\/04\/0002050353121_img-300x200.jpg","resumo":"Esta foi apenas a primeira vez que o meia realizou um treino f\u00edsico desde que sofreu uma les\u00e3o muscular na coxa direita "},"357842":{"titulo":"Jadson volta a treinar; Danilo Avelar \u00e9 sacado dos titulares do Corinthians","link":"https:\/\/www.futebolinterior.com.br\/jadson-volta-a-treinar-danilo-avelar-e-sacado-dos-titulares-do-corinthians\/","chapeu":"IMPORTANTE!","data":"07\/11\/2018","imagem":"https:\/\/images.futebolinterior.com.br\/2021\/04\/0002050353118_img-300x200.jpg","resumo":"No ataque, o paraguaio Romero ficou mais uma vez de fora por causa de um entorse no tornozelo esquerdo; Clayson ganhou oportunidade"},"357844":{"titulo":"Acusada de 'abandonar estaduais' Rede Globo quer reformula\u00e7\u00e3o no calend\u00e1rio","link":"https:\/\/www.futebolinterior.com.br\/acusada-de-abandonar-estaduais-rede-globo-quer-reformulacao-no-calendario\/","chapeu":"VEM MUDAN\u00c7A","data":"07\/11\/2018","imagem":"https:\/\/images.futebolinterior.com.br\/2021\/04\/0002050353116_img-300x200.jpg","resumo":"Segundo Mario Celso Petraglia, a emissora n\u00e3o vai renovar os direitos de transmiss\u00f5es dos campeonatos estaduais ap\u00f3s 2020"},"357853":{"titulo":"Willian Maranh\u00e3o v\u00ea Gr\u00eamio favorito, mas avisa: 'O Vasco tem que pontuar'","link":"https:\/\/www.futebolinterior.com.br\/willian-maranhao-ve-gremio-favorito-mas-avisa-o-vasco-tem-que-pontuar\/","chapeu":"PRECISANDO","data":"07\/11\/2018","imagem":"https:\/\/images.futebolinterior.com.br\/2021\/04\/0002050353112_img-300x205.jpg","resumo":"Volante tamb\u00e9m sobre a possibilidade de ser o respons\u00e1vel por 'anular' Luan, que ainda \u00e9 d\u00favida para o jogo"},"357863":{"titulo":"Com elenco completo, Chape enfrenta Santos para buscar primeira vit\u00f3ria fora de casa","link":"https:\/\/www.futebolinterior.com.br\/com-elenco-completo-chape-enfrenta-santos-para-buscar-primeira-vitoria-fora-de-casa\/","chapeu":"VAI QUE VAI!","data":"07\/11\/2018","imagem":"https:\/\/images.futebolinterior.com.br\/2021\/04\/0002050353104_img-300x172.jpg","resumo":"Claudinei Oliveira poder\u00e1 botar o que tem de melhor para pegar o Peixe no Pacaembu"},"357869":{"titulo":"Jo\u00e3o Burse ensaia Vit\u00f3ria com quatro mudan\u00e7as para encarar o Bahia","link":"https:\/\/www.futebolinterior.com.br\/joao-burse-ensaia-vitoria-com-quatro-mudancas-para-encarar-o-bahia\/","chapeu":"OPA!","data":"07\/11\/2018","imagem":"https:\/\/images.futebolinterior.com.br\/2021\/04\/0002050353101_img-300x200.jpg","resumo":"O treinador assumiu o time de forma interina ap\u00f3s a demiss\u00e3o de Carpegiani"},"357880":{"titulo":"Corinthians firma parceria com a NBA e quer colocar 'cadeiras premium' no gramado","link":"https:\/\/www.futebolinterior.com.br\/corinthians-firma-parceria-com-a-nba-e-quer-colocar-cadeiras-premium-no-gramado\/","chapeu":"NOVIDADE","data":"07\/11\/2018","imagem":"https:\/\/images.futebolinterior.com.br\/2021\/04\/0002050353097_img-300x200.jpg","resumo":"O departamento de marketing ainda n\u00e3o definiu se far\u00e1 a instala\u00e7\u00e3o no setor Leste ou Oeste"}}