{"489241":{"titulo":"Futebol Interior traz todos os resultados do s\u00e1bado para voc\u00ea!","link":"https:\/\/www.futebolinterior.com.br\/futebol-interior-traz-todos-os-resultados-do-sabado-para-voce-3\/","chapeu":"S\u00d3 AQUI!","data":"04\/03\/2017","imagem":"https:\/\/images.futebolinterior.com.br\/2021\/04\/0002050228206_img-300x83.jpg","resumo":"A bola rolou por todo o Brasil e o mundo e s\u00f3 no FI voc\u00ea n\u00e3o perde nada"},"489439":{"titulo":"International Board estuda mudan\u00e7as na disputa por p\u00eanaltis do futebol","link":"https:\/\/www.futebolinterior.com.br\/international-board-estuda-mudancas-na-disputa-por-penaltis-do-futebol\/","chapeu":"NOVIDADE","data":"03\/03\/2017","imagem":"https:\/\/images.futebolinterior.com.br\/2021\/04\/0002050228016_img-300x200.jpg","resumo":"Segundo estudo, as equipes que come\u00e7am batendo levam vantagem no atual sistema de cobran\u00e7as"},"490452":{"titulo":"Corinthians surpreende e bate o Mirassol, o \u00faltimo invicto do Paulist\u00e3o","link":"https:\/\/www.futebolinterior.com.br\/corinthians-surpreende-e-bate-o-mirassol-o-ultimo-invicto-do-paulistao\/","chapeu":"FOI SOFRIDO","data":"26\/02\/2017","imagem":"https:\/\/images.futebolinterior.com.br\/2021\/04\/0002050227313_img-300x169.jpg","resumo":"S\u00e9rgio Carvalho analisa desempenho dos grandes at\u00e9 aqui neste Paulist\u00e3o e muito mais"},"490479":{"titulo":"Brasileir\u00e3o vai ter concorr\u00eancia na TV por assinatura em 2019","link":"https:\/\/www.futebolinterior.com.br\/brasileirao-vai-ter-concorrencia-na-tv-por-assinatura-em-2019\/","chapeu":"ACABOU A FESTA!","data":"26\/02\/2017","imagem":"https:\/\/images.futebolinterior.com.br\/2021\/04\/0002050227225_img-300x201.jpg","resumo":"SporTV vai ter concorr\u00eancia na exibi\u00e7\u00e3o de partidas na TV fechada, com a entrada do Esporte Interativo"},"491270":{"titulo":"O Futebol Interior traz todos os resultados do s\u00e1bado para voc\u00ea!","link":"https:\/\/www.futebolinterior.com.br\/o-futebol-interior-traz-todos-os-resultados-do-sabado-para-voce\/","chapeu":"S\u00d3 AQUI!","data":"25\/02\/2017","imagem":"https:\/\/images.futebolinterior.com.br\/2021\/04\/0002050227215_img-300x169.jpg","resumo":"No s\u00e1bado de Carnaval, a bola rolou por todo o Brasl e o mundo e s\u00f3 no FI voc\u00ea n\u00e3o perde nada"},"490993":{"titulo":"Borja deve estrear pelo Palmeiras contra o Red Bull Brasil no dia 3 de mar\u00e7o","link":"https:\/\/www.futebolinterior.com.br\/borja-deve-estrear-pelo-palmeiras-contra-o-red-bull-brasil-no-dia-3-de-marco\/","chapeu":"L\u00c1 VEM!","data":"24\/02\/2017","imagem":"https:\/\/images.futebolinterior.com.br\/2021\/04\/0002050226860_img-300x146.jpg","resumo":"Como Mois\u00e9s teve os ligamentos do joelho rompidos, o jogador acabou inscrito no Paulist\u00e3o"},"490752":{"titulo":"Opini\u00e3o S\u00e9rgio Carvalho: Eduardo Baptista prova que n\u00e3o serve","link":"https:\/\/www.futebolinterior.com.br\/opiniao-sergio-carvalho-eduardo-baptista-prova-que-nao-serve\/","chapeu":"OPINI\u00c3O","data":"23\/02\/2017","imagem":"https:\/\/images.futebolinterior.com.br\/2021\/04\/0002050226764_img-300x169.jpg","resumo":"Colunista do Portal FI criticou o desempenho do treinador no cl\u00e1ssico"},"491210":{"titulo":"Corinthians 1 x 0 Palmeiras - \u00c1rbitro comete gafe, Baptista 'treme' e J\u00f4 brilha no fim","link":"https:\/\/www.futebolinterior.com.br\/corinthians-1-x-0-palmeiras-arbitro-comete-gafe-baptista-treme-e-jo-brilha-no-fim\/","chapeu":"PRA HIST\u00d3RIA!","data":"22\/02\/2017","imagem":0,"resumo":"O atacante mostrou ter estrela, entrou no fim e fez o gol da vit\u00f3ria do Alvinegro no cl\u00e1ssico 100"},"491541":{"titulo":"Capacidade m\u00ednima de est\u00e1dios do Brasileir\u00e3o \u00e9 reduzida e ajuda Atl\u00e9tico-GO","link":"https:\/\/www.futebolinterior.com.br\/capacidade-minima-de-estadios-do-brasileirao-e-reduzida-e-ajuda-atletico-go\/","chapeu":"A\u00cd SIM!","data":"21\/02\/2017","imagem":"https:\/\/images.futebolinterior.com.br\/2021\/04\/0002050226384_img-300x199.jpg","resumo":"Reunidos na segunda-feira no Conselho T\u00e9cnico do Campeonato Brasileiro de 2017, os 20 clubes da primeira divis\u00e3o aprovaram a redu\u00e7\u00e3o da capacidade m\u00ednima dos est\u00e1dios que poder\u00e3o"},"491409":{"titulo":"Clubes vetam gramado sint\u00e9tico e venda de mandos no Campeonato Brasileiro","link":"https:\/\/www.futebolinterior.com.br\/clubes-vetam-gramado-sintetico-e-venda-de-mandos-no-campeonato-brasileiro\/","chapeu":"COMPLICOU!","data":"20\/02\/2017","imagem":"https:\/\/images.futebolinterior.com.br\/2021\/04\/0002050226244_img-300x204.jpg","resumo":"O Atl\u00e9tico Paranaense perder\u00e1 sua principal arma nas pr\u00f3ximas temporadas"}}