{"479745":{"titulo":"Al\u00e9m de Sheik, Ponte Preta pode acertar com Luciano, do Corinthians","link":"https:\/\/www.futebolinterior.com.br\/alem-de-sheik-ponte-preta-pode-acertar-com-luciano-do-corinthians\/","chapeu":"SER\u00c1?","data":"15\/04\/2017","imagem":"https:\/\/images.futebolinterior.com.br\/2021\/04\/0002050236553_img-300x188.jpg","resumo":"Interessado em Clayson, o Tim\u00e3o quer envolver o atacante na negocia\u00e7\u00e3o"},"479969":{"titulo":"Foco \u00e9 no Paulist\u00e3o, mas Ponte Preta trabalha em sil\u00eancio para o Brasileir\u00e3o","link":"https:\/\/www.futebolinterior.com.br\/foco-e-no-paulistao-mas-ponte-preta-trabalha-em-silencio-para-o-brasileirao\/","chapeu":"PLANEJAMENTO","data":"14\/04\/2017","imagem":"https:\/\/images.futebolinterior.com.br\/2021\/04\/0002050236398_img-300x200.jpg","resumo":"Diretoria j\u00e1 contratou tr\u00eas jogadores para o Nacional, mas corre o risco de perder pe\u00e7as importantes"},"480544":{"titulo":"Vasco assina contrato de patroc\u00ednio com a Caixa e vai receber R$ 11 mi","link":"https:\/\/www.futebolinterior.com.br\/vasco-assina-contrato-de-patrocinio-com-a-caixa-e-vai-receber-r-11-mi\/","chapeu":"AI SIM!","data":"13\/04\/2017","imagem":"https:\/\/images.futebolinterior.com.br\/2021\/04\/0002050236289_img-300x225.jpg","resumo":"A diretoria do Vasco, atrav\u00e9s de seu presidente Eurico Miranda, anunciou nesta quinta-feira a assinatura de renova\u00e7\u00e3o de contrato de patroc\u00ednio master com a Caixa "},"480398":{"titulo":"CANDANG\u00c3O: Ceil\u00e2ndia tenta carimbar classifica\u00e7\u00e3o; STJD pune Gama e Brasiliense","link":"https:\/\/www.futebolinterior.com.br\/candangao-ceilandia-tenta-carimbar-classificacao-stjd-pune-gama-e-brasiliense\/","chapeu":"T\u00c1 NA HORA","data":"12\/04\/2017","imagem":"https:\/\/images.futebolinterior.com.br\/2021\/04\/0002050236025_img-300x225.jpg","resumo":"Quem n\u00e3o se classificar para a pr\u00f3xima fase entrar\u00e1 em f\u00e9rias coletivas at\u00e9 o in\u00edcio de 2018, exceto Ceil\u00e2ndia e Luzi\u00e2nia"},"480731":{"titulo":"Registrado primeiro contrato de treinador na CBF","link":"https:\/\/www.futebolinterior.com.br\/registrado-primeiro-contrato-de-treinador-na-cbf\/","chapeu":"ABRINDO CAMINHO","data":"12\/04\/2017","imagem":"https:\/\/images.futebolinterior.com.br\/2021\/04\/0002050236023_img-300x154.png","resumo":"O nome de Fernando Tonet, treinador do Parnahyba, clube que vai disputar a S\u00e9rie D, foi o primeiro a ter o registrado"},"480412":{"titulo":"Ponte contrata Fernandinho e Jo\u00e3o Lucas para o Brasileir\u00e3o","link":"https:\/\/www.futebolinterior.com.br\/ponte-contrata-fernandinho-e-joao-lucas-para-o-brasileirao\/","chapeu":"A\u00cd SIM","data":"11\/04\/2017","imagem":"https:\/\/images.futebolinterior.com.br\/2021\/04\/0002050235891_img-300x196.jpg","resumo":"O t\u00e9cnico Gilson Kleina vem improvisando o zagueiro Reynaldo na lateral esquerda no Paulist\u00e3o"},"480986":{"titulo":"Confira aqui TODOS os resultados deste s\u00e1bado pelo Mundo","link":"https:\/\/www.futebolinterior.com.br\/confira-aqui-todos-os-resultados-deste-sabado-pelo-mundo\/","chapeu":"PERDEU ALGO?","data":"08\/04\/2017","imagem":"https:\/\/images.futebolinterior.com.br\/2021\/04\/0002050235331_img-300x193.jpg","resumo":"O Placar FI acompanhou os mais diversos torneios pelo mundo"},"481134":{"titulo":"CBF inclui pedido da Fenapaf no regulamento do Brasileir\u00e3o","link":"https:\/\/www.futebolinterior.com.br\/cbf-inclui-pedido-da-fenapaf-no-regulamento-do-brasileirao\/","chapeu":"BOA NOT\u00cdCIA","data":"07\/04\/2017","imagem":"https:\/\/images.futebolinterior.com.br\/2021\/04\/0002050235108_img-300x161.jpg","resumo":"Solicita\u00e7\u00e3o foi feita pelo presidente Felipe Augusto Leite quando presente aos Conselhos T\u00e9cnicos"},"481931":{"titulo":"T\u00edtulo de 1987 voltar\u00e1 a opor Sport e Flamengo no STF no pr\u00f3ximo dia 18","link":"https:\/\/www.futebolinterior.com.br\/titulo-de-1987-voltara-a-opor-sport-e-flamengo-no-stf-no-proximo-dia-18\/","chapeu":"H\u00c1 30 ANOS...","data":"07\/04\/2017","imagem":"https:\/\/images.futebolinterior.com.br\/2021\/04\/0002050235105_img-300x231.jpg","resumo":"Quase 30 anos depois do campeonato, a controv\u00e9rsia jur\u00eddica em torno do t\u00edtulo brasileiro de 1987 ter\u00e1 um novo e decisivo cap\u00edtulo no pr\u00f3ximo dia 18, em Bras\u00edlia. Em vez do est\u00e1dio"},"481496":{"titulo":"CBF estreia sistema de registro de treinadores na segunda-feira","link":"https:\/\/www.futebolinterior.com.br\/cbf-estreia-sistema-de-registro-de-treinadores-na-segunda-feira\/","chapeu":"PASSO A FRENTE","data":"07\/04\/2017","imagem":"https:\/\/images.futebolinterior.com.br\/2021\/04\/0002050235015_img-300x168.jpg","resumo":"O procedimento vai garantir que os treinadores tenham direitos at\u00e9 ent\u00e3o restritos aos atletas"}}