{"479433":{"titulo":"R\u00e1dio FI transmite Ponte, Guarani e jogos decisivos na Copa do Brasil e interior","link":"https:\/\/www.futebolinterior.com.br\/radio-fi-transmite-ponte-guarani-e-jogos-decisivos-na-copa-do-brasil-e-interior\/","chapeu":"TRANSMISS\u00d5ES","data":"18\/04\/2017","imagem":"https:\/\/images.futebolinterior.com.br\/2021\/04\/0002050237219_img-300x169.jpg","resumo":"Melhor som da internet tem semana recheado de grandes jogos por todos os cantos do Brasil"},"478910":{"titulo":"Goiano: Atl\u00e9tico-GO contrata volante Marc\u00e3o e atacante Everaldo","link":"https:\/\/www.futebolinterior.com.br\/goiano-atletico-go-contrata-volante-marcao-e-atacante-everaldo\/","chapeu":"A\u00cd SIM","data":"18\/04\/2017","imagem":"https:\/\/images.futebolinterior.com.br\/2021\/04\/0002050237221_img-300x196.jpg","resumo":"A diretoria rubronegra j\u00e1 iniciou o planejamento visando o Campeonato Brasileiro"},"478936":{"titulo":"Atl\u00e9tico-MG contrata Matheus Mancini, filho do t\u00e9cnico Vagner Mancini","link":"https:\/\/www.futebolinterior.com.br\/atletico-mg-contrata-matheus-mancini-filho-do-tecnico-vagner-mancini\/","chapeu":"NOVIDADE","data":"18\/04\/2017","imagem":"https:\/\/images.futebolinterior.com.br\/2021\/04\/0002050237202_img-300x200.jpg","resumo":"Zagueiro de 22 anos foi titular do Botafogo nas semifinais do Paulist\u00e3o, contra o Corinthians"},"479180":{"titulo":"CBF atinge faturamento recorde de R$ 647 milh\u00f5es em 2016","link":"https:\/\/www.futebolinterior.com.br\/cbf-atinge-faturamento-recorde-de-r-647-milhoes-em-2016\/","chapeu":"MUITA GRANA","data":"18\/04\/2017","imagem":"https:\/\/images.futebolinterior.com.br\/2021\/04\/0002050237180_img-300x200.jpg","resumo":"Valor \u00e9 superior ao atingido por qualquer clube do futebol brasileiro, bem como qualquer federa\u00e7\u00e3o"},"478930":{"titulo":"Em decis\u00e3o do STF, Sport desbanca Fla e \u00e9 nomeado \u00fanico campe\u00e3o brasileiro de 1987","link":"https:\/\/www.futebolinterior.com.br\/em-decisao-do-stf-sport-desbanca-fla-e-e-nomeado-unico-campeao-brasileiro-de-1987\/","chapeu":"MIOU, MENG\u00c3O!","data":"18\/04\/2017","imagem":"https:\/\/images.futebolinterior.com.br\/2021\/04\/0002050237147_img-300x206.jpg","resumo":"O Flamengo entrou com um recurso para reivindicar a conquista, por\u00e9m, n\u00e3o obteve o resultado esperado"},"479249":{"titulo":"Ex-atacante do Barcelona posta selfie no Twitter com pelad\u00e3o no fundo","link":"https:\/\/www.futebolinterior.com.br\/ex-atacante-do-barcelona-posta-selfie-no-twitter-com-peladao-no-fundo\/","chapeu":"FOTOBOMB","data":"18\/04\/2017","imagem":"https:\/\/images.futebolinterior.com.br\/2021\/04\/0002050237114_img-289x300.jpg","resumo":"O Pa\u00eds Basco \u00e9 um dos lugares mais bonitos da pen\u00ednsula ib\u00e9rica e, provavelmente, de toda a Europa"},"490625":{"titulo":"Curso Universo Esportivo oferece aulas com jornalistas renomados, t\u00e9cnicos e especialistas","link":"https:\/\/www.futebolinterior.com.br\/curso-universo-esportivo-oferece-aulas-com-jornalistas-renomados-tecnicos-e-especialistas\/","chapeu":"SE INSCREVA!","data":"18\/04\/2017","imagem":"https:\/\/images.futebolinterior.com.br\/2021\/04\/0002050227531_img-300x132.jpg","resumo":" J\u00e1 imaginou ir para uma aula e aprender com Leonardo Bertozzi, Gustavo Hofman, Ivan Zimmermann, Antony Curti e outros grandes especialistas da \u00e1rea esportiva?"},"479710":{"titulo":"Corinthians projeta dois ou tr\u00eas refor\u00e7os para o Campeonato Brasileiro","link":"https:\/\/www.futebolinterior.com.br\/corinthians-projeta-dois-ou-tres-reforcos-para-o-campeonato-brasileiro\/","chapeu":"QUEM CHEGA","data":"18\/04\/2017","imagem":"https:\/\/images.futebolinterior.com.br\/2021\/04\/0002050237092_img-300x189.jpg","resumo":"Enquanto comiss\u00e3o t\u00e9cnica e jogadores do Corinthians est\u00e3o focados no Campeonato Paulista e na Copa do Brasil, a diretoria j\u00e1 corre atr\u00e1s de poss\u00edveis refor\u00e7os para a sequ\u00eancia "},"479495":{"titulo":"Havelange queria Platini como seu sucessor, revela Blatter","link":"https:\/\/www.futebolinterior.com.br\/havelange-queria-platini-como-seu-sucessor-revela-blatter\/","chapeu":"N\u00c3O TEM TU...","data":"17\/04\/2017","imagem":"https:\/\/images.futebolinterior.com.br\/2021\/04\/0002050236887_img-300x190.jpg","resumo":"Jo\u00e3o Havelange n\u00e3o queria que seu reinado no comando da Fifa fosse sucedido por Joseph Blatter. O favorito do brasileiro para ocupar seu cargo era o franc\u00eas Michel Platini. Quem co"},"479485":{"titulo":"Gr\u00eamio e Vasco disputam Cristian, encostado no Corinthians","link":"https:\/\/www.futebolinterior.com.br\/gremio-e-vasco-disputam-cristian-encostado-no-corinthians\/","chapeu":"NOVOS ARES?","data":"15\/04\/2017","imagem":"https:\/\/images.futebolinterior.com.br\/2021\/04\/0002050236564_img-300x208.jpg","resumo":"Sem jogar no Corinthians e fora dos planos do t\u00e9cnico F\u00e1bio Carille, o volante Cristian est\u00e1 sendo disputado por dois clubes que disputam a S\u00e9rie A do Campeonato Brasileiro: Gr\u00eamio"}}