{"481329":{"titulo":"Abalada por esc\u00e2ndalo, Fifa revela preju\u00edzo de mais de R$ 1,1 bilh\u00e3o em 2016","link":"https:\/\/www.futebolinterior.com.br\/abalada-por-escandalo-fifa-revela-prejuizo-de-mais-de-r-11-bilhao-em-2016\/","chapeu":"QUE FASE!","data":"07\/04\/2017","imagem":"https:\/\/images.futebolinterior.com.br\/2021\/04\/0002050234986_img-300x170.jpg","resumo":"A entidade espera reverter tudo isso com o Mundial de 2018, para quando prev\u00ea uma receita de US$ 5,5 bilh\u00f5es "},"482057":{"titulo":"CAS rejeita avaliar recurso do Inter e mant\u00e9m time na S\u00e9rie B","link":"https:\/\/www.futebolinterior.com.br\/cas-rejeita-avaliar-recurso-do-inter-e-mantem-time-na-serie-b\/","chapeu":"SEM TAPET\u00c3O!","data":"06\/04\/2017","imagem":"https:\/\/images.futebolinterior.com.br\/2021\/04\/0002050234777_img-300x188.jpg","resumo":"O time ga\u00facho ainda ainda ter\u00e1 de pagar ao Vit\u00f3ria um total de US$ 12 mil (R$ 37 mil) e \u00e0 CBF outros US$ 8 mil"},"481802":{"titulo":"Ap\u00f3s levar zagueiro Luan, Palmeiras n\u00e3o descarta mais refor\u00e7os para o Brasileir\u00e3o","link":"https:\/\/www.futebolinterior.com.br\/apos-levar-zagueiro-luan-palmeiras-nao-descarta-mais-reforcos-para-o-brasileirao\/","chapeu":"SEM PARAR","data":"06\/04\/2017","imagem":"https:\/\/images.futebolinterior.com.br\/2021\/04\/0002050234776_img-300x194.jpg","resumo":"O t\u00e9cnico Eduardo Baptista e o diretor de futebol Alexandre Mattos est\u00e3o atentos \u00e0 poss\u00edveis oportunidades no mercado"},"481803":{"titulo":"Eleito melhor t\u00e9cnico do Paulist\u00e3o, Dado Cavalcanti est\u00e1 de volta ao mercado","link":"https:\/\/www.futebolinterior.com.br\/eleito-melhor-tecnico-do-paulistao-dado-cavalcanti-esta-de-volta-ao-mercado\/","chapeu":"BUSCANDO!","data":"05\/04\/2017","imagem":"https:\/\/images.futebolinterior.com.br\/2021\/04\/0002050234613_img-300x162.jpg","resumo":"O comandante est\u00e1 livre para negociar com o mercado e procura times para dirigir no Campeonato Brasileiro"},"481808":{"titulo":"Sobre refor\u00e7os, Gilson Kleina avisa: \"n\u00e3o podemos trabalhar s\u00f3 com apostas\"","link":"https:\/\/www.futebolinterior.com.br\/sobre-reforcos-gilson-kleina-avisa-nao-podemos-trabalhar-so-com-apostas\/","chapeu":"RECADO DADO","data":"05\/04\/2017","imagem":"https:\/\/images.futebolinterior.com.br\/2021\/04\/0002050234568_img-300x201.jpg","resumo":"A diretoria da Macaca j\u00e1 vem analisando alguns nomes para a disputa do Campeonato Brasileiro"},"481831":{"titulo":"Kleiber Beltr\u00e3o, presidente da ABRACE, \u00e9 recebido e parabenizado por \u00c1lvaro Dias","link":"https:\/\/www.futebolinterior.com.br\/kleiber-beltrao-presidente-da-abrace-e-recebido-e-parabenizado-por-alvaro-dias\/","chapeu":"L\u00c1 NO SENADO!","data":"05\/04\/2017","imagem":"https:\/\/images.futebolinterior.com.br\/2021\/04\/0002050234557_img-300x200.jpg","resumo":"Na \u00faltima ter\u00e7a-feira, o senador \u00c1lvaro Dias recebeu em seu gabinete, no Senado Federal, o jornalista e novo presidente da Associa\u00e7\u00e3o Brasileira de Cronistas Esportivas (ABRACE)"},"482035":{"titulo":"Com bom aproveitamento, Hemerson Maria aguarda nova oportunidade profissional","link":"https:\/\/www.futebolinterior.com.br\/com-bom-aproveitamento-hemerson-maria-aguarda-nova-oportunidade-profissional\/","chapeu":"ESPERANDO...","data":"05\/04\/2017","imagem":"https:\/\/images.futebolinterior.com.br\/2021\/04\/0002050234554_img-294x300.jpg","resumo":"Desde que deixou o comando t\u00e9cnico do Fortaleza no \u00faltimo dia 16 de fevereiro, Hemerson Maria vem recebendo muitas sondagens para assumir novos desafios, mas preferiu aguardar e ai"},"482092":{"titulo":"Goiano: Fortalecendo elenco para S\u00e9rie A, Atl\u00e9tico acerta contrata\u00e7\u00e3o de Igor, do Ituano","link":"https:\/\/www.futebolinterior.com.br\/goiano-fortalecendo-elenco-para-serie-a-atletico-acerta-contratacao-de-igor-do-ituano\/","chapeu":"FECHADO!","data":"04\/04\/2017","imagem":"https:\/\/images.futebolinterior.com.br\/2021\/04\/0002050234460_img-300x183.jpg","resumo":"Atento ao mercado para fortalecer o elenco para a disputa do Campeonato Brasileiro, o Atl\u00e9tico-GO foi ao interior de S\u00e3o Paulo para contratar um meia. Nesta ter\u00e7a-feira, a diretor"},"482655":{"titulo":"CBF confirma jogos na manh\u00e3 de domingo e na noite de segunda-feira no Brasileir\u00e3o","link":"https:\/\/www.futebolinterior.com.br\/cbf-confirma-jogos-na-manha-de-domingo-e-na-noite-de-segunda-feira-no-brasileirao\/","chapeu":"VEJA!","data":"04\/04\/2017","imagem":"https:\/\/images.futebolinterior.com.br\/2021\/04\/0002050234459_img-300x200.jpg","resumo":"Por conta do imbr\u00f3glio do Maracan\u00e3, todas as partidas do Meng\u00e3o e do Fluminense est\u00e3o sem local definido "},"482853":{"titulo":"Inter promete segurar Vald\u00edvia e diz n\u00e3o aceitar trocas pelo jogador","link":"https:\/\/www.futebolinterior.com.br\/inter-promete-segurar-valdivia-e-diz-nao-aceitar-trocas-pelo-jogador\/","chapeu":"AQUI N\u00c3O","data":"04\/04\/2017","imagem":"https:\/\/images.futebolinterior.com.br\/2021\/04\/0002050234335_img-300x196.jpg","resumo":"O Inter promete n\u00e3o facilitar nas negocia\u00e7\u00f5es para liberar o meia Vald\u00edvia, de 22 anos"}}