{"478372":{"titulo":"Confira aqui TODOS os resultados dos jogos deste domingo!","link":"https:\/\/www.futebolinterior.com.br\/confira-aqui-todos-os-resultados-dos-jogos-deste-domingo-8\/","chapeu":"FIQUE LIGADO","data":"23\/04\/2017","imagem":"https:\/\/images.futebolinterior.com.br\/2021\/04\/0002050238123_img-300x208.jpg","resumo":"O Placar FI acompanhou os mais diversos torneios pelo mundo"},"478473":{"titulo":"Falta de estrutura e grana de times menores imp\u00f5em situa\u00e7\u00f5es inusitadas a atletas","link":"https:\/\/www.futebolinterior.com.br\/falta-de-estrutura-e-grana-de-times-menores-impoem-situacoes-inusitadas-a-atletas\/","chapeu":"\u00c9 CADA UMA...","data":"23\/04\/2017","imagem":"https:\/\/images.futebolinterior.com.br\/2021\/04\/0002050238043_img-300x273.jpg","resumo":"Times por todo o Brasil lutam para se manter em atividade e os jogadores sofrem com condi\u00e7\u00f5es prec\u00e1rias"},"478307":{"titulo":"Confira aqui TODOS os resultados dos jogos deste s\u00e1bado!","link":"https:\/\/www.futebolinterior.com.br\/confira-aqui-todos-os-resultados-dos-jogos-deste-sabado-11\/","chapeu":"FIQUE LIGADO","data":"22\/04\/2017","imagem":"https:\/\/images.futebolinterior.com.br\/2021\/04\/0002050237982_img-300x197.jpg","resumo":"O Placar FI acompanhou os mais diversos torneios pelo mundo"},"478227":{"titulo":"S\u00e9rie D: Representantes do DF se mobilizam e Luzi\u00e2nia deve confirmar t\u00e9cnico","link":"https:\/\/www.futebolinterior.com.br\/serie-d-representantes-do-df-se-mobilizam-e-luziania-deve-confirmar-tecnico\/","chapeu":"PARCERIA","data":"21\/04\/2017","imagem":0,"resumo":"\u200bVisando uma boa participa\u00e7\u00e3o na quarta divis\u00e3o nacional, o Luzi\u00e2nia acertou uma parceria com Real Futebol Clube"},"478694":{"titulo":"GIRO PELO BRASIL: Final de semana de cl\u00e1ssicos e decis\u00f5es e voc\u00ea acompanha tudo no FI","link":"https:\/\/www.futebolinterior.com.br\/giro-pelo-brasil-final-de-semana-de-classicos-e-decisoes-e-voce-acompanha-tudo-no-fi\/","chapeu":"S\u00d3 AQUI!","data":"21\/04\/2017","imagem":"https:\/\/images.futebolinterior.com.br\/2021\/04\/0002050237792_img-300x184.jpg","resumo":"Os estaduais est\u00e3o chegando ao fim e o final de semana ter\u00e1 semifinais por tod o pa\u00eds"},"478827":{"titulo":"Por d\u00edvida de Kazim, Corinthians oferece jogadores encostados ao Coritiba","link":"https:\/\/www.futebolinterior.com.br\/por-divida-de-kazim-corinthians-oferece-jogadores-encostados-ao-coritiba\/","chapeu":"NEGOCIA\u00c7\u00c3O","data":"21\/04\/2017","imagem":"https:\/\/images.futebolinterior.com.br\/2021\/04\/0002050237716_img-300x200.jpg","resumo":"A diretoria do Coxa, por\u00e9m, n\u00e3o gostou dos nomes e aguarda outras propostas"},"478359":{"titulo":"Thiago Duarte Peixoto est\u00e1 liberado para voltar ao apito","link":"https:\/\/www.futebolinterior.com.br\/thiago-duarte-peixoto-esta-liberado-para-voltar-ao-apito\/","chapeu":"EST\u00c1 DE VOLTA","data":"21\/04\/2017","imagem":"https:\/\/images.futebolinterior.com.br\/2021\/04\/0002050237674_img-300x185.jpg","resumo":"Ap\u00f3s excelente excelente trabalho do SAFESP, Thiago Duarte Peixoto, que estava impedido de trabalhar pelo TJD, est\u00e1 novamente apto a voltar \u00e0 arbitragem estadual e nacional."},"478434":{"titulo":"Empres\u00e1rio de Guilherme despista sobre proposta do Atl\u00e9tico-PR","link":"https:\/\/www.futebolinterior.com.br\/empresario-de-guilherme-despista-sobre-proposta-do-atletico-pr\/","chapeu":"SEI DE NADA","data":"21\/04\/2017","imagem":"https:\/\/images.futebolinterior.com.br\/2021\/04\/0002050237663_img-300x208.jpg","resumo":"Ivan Su\u00e1rez garantiu que n\u00e3o chegou nada at\u00e9 ele sobre um poss\u00edvel interesse do Furac\u00e3o "},"479103":{"titulo":"Corinthians fica sem Pottker e v\u00ea o Inter com a vaga na Copa do Brasil","link":"https:\/\/www.futebolinterior.com.br\/corinthians-fica-sem-pottker-e-ve-o-inter-com-a-vaga-na-copa-do-brasil\/","chapeu":"71 DIAS DEPOIS","data":"20\/04\/2017","imagem":"https:\/\/images.futebolinterior.com.br\/2021\/04\/0002050237517_img-300x200.jpg","resumo":"A diretoria do Corinthians amanheceu nesta quinta-feira com a cabe\u00e7a inchada e n\u00e3o pela elimina\u00e7\u00e3o da Copa do Brasil para o rival Internacional"},"479127":{"titulo":"Flamengo deve recorrer de decis\u00e3o do STF por t\u00edtulo brasileiro de 1987","link":"https:\/\/www.futebolinterior.com.br\/flamengo-deve-recorrer-de-decisao-do-stf-por-titulo-brasileiro-de-1987\/","chapeu":"VAI LUTAR!","data":"18\/04\/2017","imagem":"https:\/\/images.futebolinterior.com.br\/2021\/04\/0002050237222_img-300x214.jpg","resumo":"A decis\u00e3o da Primeira Turma do tribunal foi de 3 votos a 1 \u00e0 favor do Sport"}}