{"478083":{"titulo":"Emerson Sheik, ex-atacante do Corinthians, acerta com a Ponte Preta","link":"https:\/\/www.futebolinterior.com.br\/emerson-sheik-ex-atacante-do-corinthians-acerta-com-a-ponte-preta\/","chapeu":"COM A MACACA","data":"25\/04\/2017","imagem":0,"resumo":"As partes chegaram a um acordo nessa semana, mas o an\u00fancio vai acontecer apenas ap\u00f3s as finais do Paulist\u00e3o"},"477431":{"titulo":"Henrique lamenta elimina\u00e7\u00f5es, mas exalta peso da \"nova pr\u00e9-temporada\"","link":"https:\/\/www.futebolinterior.com.br\/henrique-lamenta-eliminacoes-mas-exalta-peso-da-nova-pre-temporada\/","chapeu":"LADO BOM E RUIM","data":"25\/04\/2017","imagem":"https:\/\/images.futebolinterior.com.br\/2021\/04\/0002050238519_img-300x200.jpg","resumo":"Fora da Copa do Brasil e do Carioca, o clube s\u00f3 volta a campo no dia 14 de maio, contra o Palmeiras, pelo Brasileir\u00e3o"},"477952":{"titulo":"Jovair Arantes banca perman\u00eancia de Marcelo Cabo ap\u00f3s elimina\u00e7\u00e3o do Atl\u00e9tico-GO","link":"https:\/\/www.futebolinterior.com.br\/jovair-arantes-banca-permanencia-de-marcelo-cabo-apos-eliminacao-do-atletico-go\/","chapeu":"ELE FICA","data":"25\/04\/2017","imagem":"https:\/\/images.futebolinterior.com.br\/2021\/04\/0002050238514_img-300x170.jpg","resumo":"Ele tamb\u00e9m prometeu que o time rubronegro vai passar por muitas mudan\u00e7as para o Brasileir\u00e3o"},"477587":{"titulo":"Atl\u00e9tico-PR contrata Eduardo Henrique, ex-volante da Sele\u00e7\u00e3o Brasileira Sub-20","link":"https:\/\/www.futebolinterior.com.br\/atletico-pr-contrata-eduardo-henrique-ex-volante-da-selecao-brasileira-sub-20\/","chapeu":"NOVIDADE","data":"24\/04\/2017","imagem":"https:\/\/images.futebolinterior.com.br\/2021\/04\/0002050238413_img-300x208.jpg","resumo":"Nascido em Limeira, jogador passou pelas Categorias de Forma\u00e7\u00e3o do Guarani, S\u00e3o Paulo e Atl\u00e9tico Mineiro"},"478356":{"titulo":"Ap\u00f3s elimina\u00e7\u00f5es, Vasco inicia maratona de treinos antes do Brasileir\u00e3o","link":"https:\/\/www.futebolinterior.com.br\/apos-eliminacoes-vasco-inicia-maratona-de-treinos-antes-do-brasileirao\/","chapeu":"\u00c9 O QUE RESTA!","data":"24\/04\/2017","imagem":"https:\/\/images.futebolinterior.com.br\/2021\/04\/0002050238388_img-300x200.jpg","resumo":"Por estar fora das demais competi\u00e7\u00f5es deste \u00e9poca do ano, a equipe vasca\u00edna ter\u00e1 tr\u00eas semanas de treinos pela frente at\u00e9 a estreia"},"477994":{"titulo":"Ava\u00ed fica pr\u00f3ximo de an\u00fanciar Wellington Simi\u00e3o como refor\u00e7o","link":"https:\/\/www.futebolinterior.com.br\/avai-fica-proximo-de-anunciar-wellington-simiao-como-reforco\/","chapeu":"CHEGANDO","data":"24\/04\/2017","imagem":"https:\/\/images.futebolinterior.com.br\/2021\/04\/0002050238379_img-300x191.jpg","resumo":"Volante j\u00e1 se despediu dos companheiros de Ituano e negocia para jogar o Brasileir\u00e3o pelo Le\u00e3o"},"478017":{"titulo":"Internacional contrata Marcelo Cirino, ex-Flamengo e revela\u00e7\u00e3o do Brasileir\u00e3o de 2013","link":"https:\/\/www.futebolinterior.com.br\/internacional-contrata-marcelo-cirino-ex-flamengo-e-revelacao-do-brasileirao-de-2013\/","chapeu":"\u00c9 OFICIAL","data":"24\/04\/2017","imagem":"https:\/\/images.futebolinterior.com.br\/2021\/04\/0002050238364_img-300x177.png","resumo":"Sem espa\u00e7o no Rubro-Negro, atacante aceitou a proposta para defender o Colorado na S\u00e9rie B"},"478443":{"titulo":"Sid\u00e3o admite que atuou com dores para tentar se firmar no S\u00e3o Paulo","link":"https:\/\/www.futebolinterior.com.br\/sidao-admite-que-atuou-com-dores-para-tentar-se-firmar-no-sao-paulo\/","chapeu":"S\u00d3 AGORA","data":"24\/04\/2017","imagem":"https:\/\/images.futebolinterior.com.br\/2021\/04\/0002050238340_img-300x193.jpg","resumo":"Contratado para ser titular, goleiro precisou tratar de uma lombalgia e foi substitu\u00eddo por Denis e Renan Ribeiro"},"478500":{"titulo":"OAB organiza o 5\u00ba Simp\u00f3sio de Direito Desportivo em S\u00e3o Paulo","link":"https:\/\/www.futebolinterior.com.br\/oab-organiza-o-5o-simposio-de-direito-desportivo-em-sao-paulo\/","chapeu":"VAI TER!","data":"24\/04\/2017","imagem":"https:\/\/images.futebolinterior.com.br\/2021\/04\/0002050238269_img-300x225.jpg","resumo":"A Ordem dos Advogados do Brasil (OAB) de S\u00e3o Paulo organizar\u00e1 em maio o 5\u00ba Simp\u00f3sio de Direito Desportivo"},"477825":{"titulo":"Queda faz S\u00e3o Paulo acumular 29 elimina\u00e7\u00f5es e s\u00f3 uma final em 10 anos","link":"https:\/\/www.futebolinterior.com.br\/queda-faz-sao-paulo-acumular-29-eliminacoes-e-so-uma-final-em-10-anos\/","chapeu":"T\u00c1 MAL","data":"24\/04\/2017","imagem":"https:\/\/images.futebolinterior.com.br\/2021\/04\/0002050238257_img-300x193.jpg","resumo":"O empate por 1 a 1 com o Corinthians, no \u00faltimo domingo, na arena do rival, deixou o S\u00e3o Paulo fora da final do Campeonato Paulista e prolongou a sina do clube de se dar mal"}}