{"477643":{"titulo":"Andr\u00e9 Castro \u00e9 o novo refor\u00e7o do Atl\u00e9tico-GO para o Brasileir\u00e3o","link":"https:\/\/www.futebolinterior.com.br\/andre-castro-e-o-novo-reforco-do-atletico-go-para-o-brasileirao\/","chapeu":"CHEGOU","data":"27\/04\/2017","imagem":"https:\/\/images.futebolinterior.com.br\/2021\/04\/0002050238967_img-300x206.jpg","resumo":"Volante de origem, ele atuou diversas vezes como zagueiro no esquema t\u00e1tico de Fernando Diniz"},"477350":{"titulo":"Lucas Pratto projeta ajustes no S\u00e3o Paulo durante 'intertemporada'","link":"https:\/\/www.futebolinterior.com.br\/lucas-pratto-projeta-ajustes-no-sao-paulo-durante-intertemporada\/","chapeu":"VAI SER \u00daTIL?","data":"27\/04\/2017","imagem":"https:\/\/images.futebolinterior.com.br\/2021\/04\/0002050238941_img-300x193.jpg","resumo":"Eliminado do Campeonato Paulista e da Copa do Brasil, o S\u00e3o Paulo tem duas semanas para se preparar para o jogo de volta contra o argentino Defensa y Justicia, pela Copa Sul-Americ"},"477363":{"titulo":"Corinthians mostra interesse em destaque do Coritiba, mas Kazim esfria acordo. Entenda!","link":"https:\/\/www.futebolinterior.com.br\/corinthians-mostra-interesse-em-destaque-do-coritiba-mas-kazim-esfria-acordo-entenda\/","chapeu":"E A\u00cd, TURCO?","data":"27\/04\/2017","imagem":"https:\/\/images.futebolinterior.com.br\/2021\/04\/0002050238918_img-300x171.jpg","resumo":"De olho no mercado para refor\u00e7ar o elenco para o Campeonato Brasileiro, o Corinthians observa jogadores jovens e que se destacaram nos estaduais. \u00c9 o caso do jovem lateral-direito "},"477268":{"titulo":"Gilberto n\u00e3o confirma renova\u00e7\u00e3o de contrato e pede S\u00e3o Paulo focado no Brasileiro","link":"https:\/\/www.futebolinterior.com.br\/gilberto-nao-confirma-renovacao-de-contrato-e-pede-sao-paulo-focado-no-brasileiro\/","chapeu":"DE SA\u00cdDA?","data":"26\/04\/2017","imagem":"https:\/\/images.futebolinterior.com.br\/2021\/04\/0002050238745_img-300x200.jpg","resumo":"Depois de um 2016 sem brilho, Gilberto atravessa um novo momento no S\u00e3o Paulo. Ambientado, o atacante marcou 11 vezes e caiu nas gra\u00e7as da torcida. Com \u00f3timos n\u00fameros e contrato so"},"477310":{"titulo":"Perto de Anderson Martins, Vasco deve anunciar sa\u00edda de Rodrigo","link":"https:\/\/www.futebolinterior.com.br\/perto-de-anderson-martins-vasco-deve-anunciar-saida-de-rodrigo\/","chapeu":"MUDAN\u00c7A","data":"26\/04\/2017","imagem":"https:\/\/images.futebolinterior.com.br\/2021\/04\/0002050238716_img-300x196.jpg","resumo":"O defensor de 36 anos pediu para ser liberado at\u00e9 o final de semana para resolver problemas particulares "},"477319":{"titulo":"Ponte Preta acerta com Sheik e Clayson est\u00e1 com p\u00e9 no Corinthians","link":"https:\/\/www.futebolinterior.com.br\/ponte-preta-acerta-com-sheik-e-clayson-esta-com-pe-no-corinthians\/","chapeu":"L\u00c1 VEM ELE","data":"26\/04\/2017","imagem":"https:\/\/images.futebolinterior.com.br\/2021\/04\/0002050238707_img-300x229.jpg","resumo":"Atacante de 38 anos chega para suprir sa\u00edda de Willian Pottker, negociado com o Internacional"},"477940":{"titulo":"Atl\u00e9tico-PR contrata Guilherme, pouco aproveitado no Corinthians","link":"https:\/\/www.futebolinterior.com.br\/atletico-pr-contrata-guilherme-pouco-aproveitado-no-corinthians\/","chapeu":"MAIS UMA","data":"26\/04\/2017","imagem":"https:\/\/images.futebolinterior.com.br\/2021\/04\/0002050238703_img-300x208.jpg","resumo":"Meia chega ao Furac\u00e3o para ser comandado por Paulo Autuori pela terceira vez na carreira"},"477774":{"titulo":"Campe\u00e3o, Palmeiras receber\u00e1 cerim\u00f4nia de abertura do Brasileir\u00e3o em sua estreia","link":"https:\/\/www.futebolinterior.com.br\/campeao-palmeiras-recebera-cerimonia-de-abertura-do-brasileirao-em-sua-estreia\/","chapeu":"IGUAL 2016","data":"26\/04\/2017","imagem":"https:\/\/images.futebolinterior.com.br\/2021\/04\/0002050238700_img-300x168.jpg","resumo":"Na temporada passada, a competi\u00e7\u00e3o tamb\u00e9m foi \"inaugurada\" na Arena Corinthians, est\u00e1dio do campe\u00e3o anterior"},"477364":{"titulo":"Sport e Federa\u00e7\u00e3o pedem adiamento de jogo contra a Ponte no Brasileir\u00e3o, mas CBF n\u00e3o acata","link":"https:\/\/www.futebolinterior.com.br\/sport-e-federacao-pedem-adiamento-de-jogo-contra-a-ponte-no-brasileirao-mas-cbf-nao-acata\/","chapeu":"MARATONA","data":"26\/04\/2017","imagem":"https:\/\/images.futebolinterior.com.br\/2021\/04\/0002050238674_img-300x206.jpg","resumo":"Le\u00e3o ter\u00e1 no m\u00ednimo cinco jogos nos pr\u00f3ximos 20 dias e diretoria e pode disputar cinco competi\u00e7\u00f5es seguidas"},"477427":{"titulo":"Felipe Melo e Roger Guedes discutem no treino do Palmeiras: \"Me respeita\"","link":"https:\/\/www.futebolinterior.com.br\/felipe-melo-e-roger-guedes-discutem-no-treino-do-palmeiras-me-respeita\/","chapeu":"TEM V\u00cdDEO","data":"26\/04\/2017","imagem":0,"resumo":"O clima para Roger Guedes definitivamente n\u00e3o \u00e9 dos melhores no Palmeiras"}}