{"476776":{"titulo":"Gilberto, artilheiro do S\u00e3o Paulo na temporada, festeja volta por cima com Ceni","link":"https:\/\/www.futebolinterior.com.br\/gilberto-artilheiro-do-sao-paulo-na-temporada-festeja-volta-por-cima-com-ceni\/","chapeu":"MELHOROU","data":"30\/04\/2017","imagem":"https:\/\/images.futebolinterior.com.br\/2021\/04\/0002050239470_img-300x244.jpg","resumo":"No ano passado, Gilberto teve poucas oportunidades e s\u00f3 foi mostrar servi\u00e7o no final do Brasileir\u00e3o"},"476509":{"titulo":"'Zebras' povoam finais estaduais e desafiam dom\u00ednio dos gigantes pelo Brasil","link":"https:\/\/www.futebolinterior.com.br\/zebras-povoam-finais-estaduais-e-desafiam-dominio-dos-gigantes-pelo-brasil\/","chapeu":"SURPRESA!","data":"30\/04\/2017","imagem":"https:\/\/images.futebolinterior.com.br\/2021\/04\/0002050239399_img-300x199.jpg","resumo":"Costumeiramente criticados pela previsibilidade nas fases que definem os classificados \u00e0s finais, os Estaduais viram surpresas despontarem nesta temporada. Al\u00e9m da Ponte Preta "},"476647":{"titulo":"Vasco sofre em S\u00e3o Janu\u00e1rio, mas vence jogo-treino contra o Sampaio Corr\u00eaa-RJ","link":"https:\/\/www.futebolinterior.com.br\/vasco-sofre-em-sao-januario-mas-vence-jogo-treino-contra-o-sampaio-correa-rj\/","chapeu":"AT\u00c9 AMISTOSO?","data":"29\/04\/2017","imagem":"https:\/\/images.futebolinterior.com.br\/2021\/04\/0002050239304_img-300x202.jpg","resumo":"Como o Vasco s\u00f3 voltar\u00e1 a disputar uma partida oficial em 14 de maio contra o Palmeiras, na estreia do Campeonato Brasileiro, o t\u00e9cnico Milton Mendes aproveitar\u00e1 o per\u00edodo para rea"},"477203":{"titulo":"Presidente da Fifa, Gianni Infantino \u00e9 alvo de investiga\u00e7\u00e3o","link":"https:\/\/www.futebolinterior.com.br\/presidente-da-fifa-gianni-infantino-e-alvo-de-investigacao\/","chapeu":"SUJOU!","data":"29\/04\/2017","imagem":"https:\/\/images.futebolinterior.com.br\/2021\/04\/0002050239202_img-300x200.jpg","resumo":"Essa \u00e9 a segunda vez que Infantino \u00e9 alvo de uma apura\u00e7\u00e3o de seu Comit\u00ea de \u00c9tica"},"477345":{"titulo":"Osvaldo rescinde com Fluminense e \u00e9 o novo refor\u00e7o do Sport","link":"https:\/\/www.futebolinterior.com.br\/osvaldo-rescinde-com-fluminense-e-e-o-novo-reforco-do-sport\/","chapeu":"FECHADO","data":"28\/04\/2017","imagem":"https:\/\/images.futebolinterior.com.br\/2021\/04\/0002050239110_img-300x194.jpg","resumo":"A contrata\u00e7\u00e3o do jogador foi um pedido do t\u00e9cnico Ney Franco, com quem j\u00e1 tinha trabalhado no S\u00e3o Paulo"},"476759":{"titulo":"Renato e Ricardo Oliveira param no tr\u00e2nsito motivado por greve e perdem treino","link":"https:\/\/www.futebolinterior.com.br\/renato-e-ricardo-oliveira-param-no-transito-motivado-por-greve-e-perdem-treino\/","chapeu":"F\u00c1CIL PRA QUEM?","data":"28\/04\/2017","imagem":"https:\/\/images.futebolinterior.com.br\/2021\/04\/0002050239098_img-300x200.jpg","resumo":"A greve geral que afeta milh\u00f5es de pessoas em todo o Pa\u00eds tamb\u00e9m provocou reflexos na rotina do futebol. O volante Renato e o atacante Ricardo Oliveira, do Santos, faltaram ao trei"},"476771":{"titulo":"Ceni v\u00ea elenco com 29 jogadores como ideal e v\u00ea cortes no S\u00e3o Paulo","link":"https:\/\/www.futebolinterior.com.br\/ceni-ve-elenco-com-29-jogadores-como-ideal-e-ve-cortes-no-sao-paulo\/","chapeu":"DIMINUIR","data":"28\/04\/2017","imagem":"https:\/\/images.futebolinterior.com.br\/2021\/04\/0002050239087_img-300x184.jpg","resumo":"Reduzir o elenco do S\u00e3o Paulo para a sequ\u00eancia da temporada \u00e9 um dos desejos do t\u00e9cnico Rog\u00e9rio Ceni, que v\u00ea a possibilidade de aumentar o rendimento do trabalho com um grupo mais "},"477467":{"titulo":"Lucas Pratto minimiza concorr\u00eancia no S\u00e3o Paulo e v\u00ea gols de cabe\u00e7a como 'fase'","link":"https:\/\/www.futebolinterior.com.br\/lucas-pratto-minimiza-concorrencia-no-sao-paulo-e-ve-gols-de-cabeca-como-fase\/","chapeu":"OPA!","data":"28\/04\/2017","imagem":"https:\/\/images.futebolinterior.com.br\/2021\/04\/0002050239028_img-300x169.jpg","resumo":"O argentino tem transformado as jogadas a\u00e9reas em sua principal amea\u00e7a aos advers\u00e1rios"},"477026":{"titulo":"Sem espa\u00e7o no Flamengo, Jaj\u00e1 \u00e9 emprestado ao Vila Nova para a S\u00e9rie B","link":"https:\/\/www.futebolinterior.com.br\/sem-espaco-no-flamengo-jaja-e-emprestado-ao-vila-nova-para-a-serie-b\/","chapeu":"CHEGOU","data":"27\/04\/2017","imagem":"https:\/\/images.futebolinterior.com.br\/2021\/04\/0002050238976_img-300x226.jpg","resumo":"No ano passado, o jogador foi vice-campe\u00e3o da Segunda Divis\u00e3o do Brasileiro pelo Ava\u00ed"},"477035":{"titulo":"Mart\u00edn Silva aprova ritmo de treinos no Vasco e despista sobre sa\u00edda de Rodrigo","link":"https:\/\/www.futebolinterior.com.br\/martin-silva-aprova-ritmo-de-treinos-no-vasco-e-despista-sobre-saida-de-rodrigo\/","chapeu":"SEI DE NADA","data":"27\/04\/2017","imagem":"https:\/\/images.futebolinterior.com.br\/2021\/04\/0002050238970_img-300x200.jpg","resumo":"O goleiro Mart\u00edn Silva demonstrou confian\u00e7a na prepara\u00e7\u00e3o do Vasco para o Campeonato Brasileiro - estreia no dia 14 de maio, em S\u00e3o Paulo, contra o Palmeiras - e tamb\u00e9m defendeu a "}}