{"476704":{"titulo":"Lateral Gilberto aprova esquema 3-6-1 adotado pelo Vasco: 'Mais liberdade'","link":"https:\/\/www.futebolinterior.com.br\/lateral-gilberto-aprova-esquema-3-6-1-adotado-pelo-vasco-mais-liberdade\/","chapeu":"FELIZ DA VIDA","data":"03\/05\/2017","imagem":"https:\/\/images.futebolinterior.com.br\/2021\/04\/0002050239899_img-300x195.png","resumo":"Ideia de Milton Mendes \u00e9 for\u00e7ar o Cruz-Maltino a atuar pelos lados do campo"},"476060":{"titulo":"Coritiba quer lateral de rival e busca atacante Alecsandro, do Palmeiras","link":"https:\/\/www.futebolinterior.com.br\/coritiba-quer-lateral-de-rival-e-busca-atacante-alecsandro-do-palmeiras\/","chapeu":"OUSADO!","data":"02\/05\/2017","imagem":"https:\/\/images.futebolinterior.com.br\/2021\/04\/0002050239880_img-300x199.jpg","resumo":"O jogador n\u00e3o vem sendo muito aproveitado no Verd\u00e3o e pode parar no Couto Pereira para o Brasileiro"},"476238":{"titulo":"Indicado para Conselho Administrativo, Pimenta prega di\u00e1logo no S\u00e3o Paulo","link":"https:\/\/www.futebolinterior.com.br\/indicado-para-conselho-administrativo-pimenta-prega-dialogo-no-sao-paulo\/","chapeu":"CONVERSA","data":"02\/05\/2017","imagem":"https:\/\/images.futebolinterior.com.br\/2021\/04\/0002050239851_img-300x169.jpg","resumo":"Ele foi escolhido por aclama\u00e7\u00e3o no Conselho Consultivo para ter uma cadeira no Conselho de Administra\u00e7\u00e3o"},"476463":{"titulo":"F\u00e1bio Ferreira deve trocar Ponte Preta pelo Crici\u00fama","link":"https:\/\/www.futebolinterior.com.br\/fabio-ferreira-deve-trocar-ponte-preta-pelo-criciuma\/","chapeu":"DE SA\u00cdDA","data":"02\/05\/2017","imagem":"https:\/\/images.futebolinterior.com.br\/2021\/04\/0002050239799_img-300x201.jpg","resumo":"Contestado pela torcida alvinegra, o jogador j\u00e1 vestiu a camisa do Tigre entre 2013 e 2015"},"476475":{"titulo":"Emerson Sheik \u00e9 confirmado como refor\u00e7o da Ponte Preta","link":"https:\/\/www.futebolinterior.com.br\/emerson-sheik-e-confirmado-como-reforco-da-ponte-preta\/","chapeu":"\u00c9 OFICIAL","data":"02\/05\/2017","imagem":"https:\/\/images.futebolinterior.com.br\/2021\/04\/0002050239789_img-300x200.jpg","resumo":"O jogador de 38 anos \u00e9 aguardado nesta quarta-feira em Campinas para realizar exames m\u00e9dicos e assinar contrato"},"476347":{"titulo":"Vasco se aproxima de contrata\u00e7\u00e3o de Bruno Paulista, volante do Sporting","link":"https:\/\/www.futebolinterior.com.br\/vasco-se-aproxima-de-contratacao-de-bruno-paulista-volante-do-sporting\/","chapeu":"BOA OP\u00c7\u00c3O","data":"01\/05\/2017","imagem":"https:\/\/images.futebolinterior.com.br\/2021\/04\/0002050239725_img-300x162.png","resumo":"Jogador de 21 anos j\u00e1 est\u00e1 no Rio de Janeiro e aguarda libera\u00e7\u00e3o do clube portugu\u00eas para assinar com o Cruz-Maltino"},"476374":{"titulo":"Dirigente brasileiro e vencedor realizou est\u00e1gio de gest\u00e3o na Europa","link":"https:\/\/www.futebolinterior.com.br\/dirigente-brasileiro-e-vencedor-realizou-estagio-de-gestao-na-europa\/","chapeu":"O CARA \u00c9 FERA","data":"01\/05\/2017","imagem":"https:\/\/images.futebolinterior.com.br\/2021\/04\/0002050239687_img-300x203.jpg","resumo":"Jos\u00e9 Manoel Evaristo, esteve por duas semanas realizando est\u00e1gio de gest\u00e3o na Europa. O dirigente participou de in\u00fameras palestras e conversou com t\u00e9cnicos das equipes europeias"},"476850":{"titulo":"Renan Ribeiro quer agarrar titularidade no gol do S\u00e3o Paulo com muito trabalho","link":"https:\/\/www.futebolinterior.com.br\/renan-ribeiro-quer-agarrar-titularidade-no-gol-do-sao-paulo-com-muito-trabalho\/","chapeu":"DEIXA COMIGO","data":"01\/05\/2017","imagem":"https:\/\/images.futebolinterior.com.br\/2021\/04\/0002050239677_img-300x193.jpg","resumo":"O goleiro Renan Ribeiro conseguiu se firmar no gol do S\u00e3o Paulo ap\u00f3s iniciar a temporada como terceira op\u00e7\u00e3o, atr\u00e1s de Sid\u00e3o e Denis. S\u00f3 que ap\u00f3s as les\u00f5es do primeiro e as cr\u00edtica"},"476979":{"titulo":"Sem espa\u00e7o no Internacional, Andrigo \u00e9 emprestado ao Atl\u00e9tico-GO","link":"https:\/\/www.futebolinterior.com.br\/sem-espaco-no-internacional-andrigo-e-emprestado-ao-atletico-go\/","chapeu":"NOVOS ARES","data":"01\/05\/2017","imagem":"https:\/\/images.futebolinterior.com.br\/2021\/04\/0002050239647_img-300x188.jpg","resumo":"Prata da casa, o jogador perdeu espa\u00e7o nesta temporada, onde fez apenas seis partidas"},"476616":{"titulo":"Goi\u00e1s fecha com lateral Carlinhos, do Goi\u00e1s, para a S\u00e9rie B","link":"https:\/\/www.futebolinterior.com.br\/goias-fecha-com-lateral-carlinhos-do-goias-para-a-serie-b\/","chapeu":"REFOR\u00c7O","data":"01\/05\/2017","imagem":"https:\/\/images.futebolinterior.com.br\/2021\/04\/0002050239645_img-300x149.jpg","resumo":"Sem ser muito aproveitado em 2017, o jogador defendeu o Coxa pela \u00faltima vez no dia 19 de mar\u00e7o"}}