{"475788":{"titulo":"Leco ter\u00e1 homens de confian\u00e7a de Geraldo Alckmin em nova gest\u00e3o no S\u00e3o Paulo","link":"https:\/\/www.futebolinterior.com.br\/leco-tera-homens-de-confianca-de-geraldo-alckmin-em-nova-gestao-no-sao-paulo\/","chapeu":"UNHA E CARNE","data":"04\/05\/2017","imagem":"https:\/\/images.futebolinterior.com.br\/2021\/04\/0002050240115_img-300x200.jpg","resumo":"O promotor Saulo de Castro Abreu Filho e o jornalista Marcio Aith v\u00e3o assumir fun\u00e7\u00f5es no novo mandato tricolor"},"476307":{"titulo":"ESTADUAIS: Cear\u00e1 \u00e9 campe\u00e3o e Ba-Vi termina empatado","link":"https:\/\/www.futebolinterior.com.br\/estaduais-ceara-e-campeao-e-ba-vi-termina-empatado\/","chapeu":"DECIS\u00d5ES","data":"04\/05\/2017","imagem":"https:\/\/images.futebolinterior.com.br\/2021\/04\/0002050240107_img-300x190.jpg","resumo":"O Voz\u00e3o venceu o Ferrovi\u00e1rio por 2 a 0 e conquistou o 44\u00ba t\u00edtulo estadual"},"476344":{"titulo":"S\u00e9rie B: Paran\u00e1 pode perder Airton para o Ava\u00ed","link":"https:\/\/www.futebolinterior.com.br\/serie-b-parana-pode-perder-airton-para-o-avai\/","chapeu":"XIII","data":"03\/05\/2017","imagem":"https:\/\/images.futebolinterior.com.br\/2021\/04\/0002050240025_img-300x169.jpg","resumo":"Um dos destaques neste in\u00edcio de temporada, o jogador possui contrato com o Tricolor at\u00e9 o fim desse m\u00eas"},"475956":{"titulo":"S\u00e9rie B: Sem espa\u00e7o no Santos, Fernando Medeiros \u00e9 emprestado ao Vila Nova","link":"https:\/\/www.futebolinterior.com.br\/serie-b-sem-espaco-no-santos-fernando-medeiros-e-emprestado-ao-vila-nova\/","chapeu":"MAIS UM","data":"03\/05\/2017","imagem":"https:\/\/images.futebolinterior.com.br\/2021\/04\/0002050240012_img-300x200.jpg","resumo":"Agora, o n\u00famero de jogadores contratados pela diretoria do Tigre para o Brasileiro chega a sete"},"475872":{"titulo":"Trecho de hino do Corinthians \u00e9 pintado no CT... do Santos. Entenda!","link":"https:\/\/www.futebolinterior.com.br\/trecho-de-hino-do-corinthians-e-pintado-no-ct-do-santos-entenda\/","chapeu":"HOMENAGEM?","data":"03\/05\/2017","imagem":"https:\/\/images.futebolinterior.com.br\/2021\/04\/0002050239994_img-214x300.png","resumo":"O Santos realizou reformas na academia do CT Rei Pel\u00e9, mas n\u00e3o esperava prestar uma homenagem ao Corinthians. Em uma das paredes a pintura com o trecho \u201cCampe\u00e3o dos campe\u00f5es\u201d"},"476506":{"titulo":"Preparador do Vasco celebra tempo para treinos f\u00edsicos e aposta em evolu\u00e7\u00e3o","link":"https:\/\/www.futebolinterior.com.br\/preparador-do-vasco-celebra-tempo-para-treinos-fisicos-e-aposta-em-evolucao\/","chapeu":"PREPARA\u00c7\u00c3O","data":"03\/05\/2017","imagem":"https:\/\/images.futebolinterior.com.br\/2021\/04\/0002050239983_img-300x200.jpg","resumo":"\"Diminuindo a carga de partidas, temos a condi\u00e7\u00e3o de o atleta estar 100% recuperado e pronto para um novo est\u00edmulo\", disse Trevisan"},"476581":{"titulo":"Thomaz garante entender metodologia de Ceni e v\u00ea S\u00e3o Paulo com um grupo forte","link":"https:\/\/www.futebolinterior.com.br\/thomaz-garante-entender-metodologia-de-ceni-e-ve-sao-paulo-com-um-grupo-forte\/","chapeu":"FOR\u00c7A","data":"03\/05\/2017","imagem":"https:\/\/images.futebolinterior.com.br\/2021\/04\/0002050239956_img-300x140.jpg","resumo":"Meia foi contratado com o Paulist\u00e3o j\u00e1 em andamento e pode ser uma das surpresas para o Brasileir\u00e3o"},"476470":{"titulo":"Geraldo Delamore v\u00ea momento prop\u00edcio para voltar a trabalhar no futebol","link":"https:\/\/www.futebolinterior.com.br\/geraldo-delamore-ve-momento-propicio-para-voltar-a-trabalhar-no-futebol\/","chapeu":"NOVA CHANCE!","data":"03\/05\/2017","imagem":"https:\/\/images.futebolinterior.com.br\/2021\/04\/0002050239952_img-300x88.jpg","resumo":"O t\u00e9cnico Geraldo Delamore acredita que o momento \u00e9 prop\u00edcio para voltar a trabalhar. Com experi\u00eancia em grandes clubes como Corinthians e Cruzeiro, assim como passagens por times do exterior, o comandante tem buscado uma nova oportunidade."},"476480":{"titulo":"\u00cddolo, Petkovic retorna ao Vit\u00f3ria para ser gerente de futebol","link":"https:\/\/www.futebolinterior.com.br\/idolo-petkovic-retorna-ao-vitoria-para-ser-gerente-de-futebol\/","chapeu":"VELHO CONHECIDO","data":"03\/05\/2017","imagem":"https:\/\/images.futebolinterior.com.br\/2021\/04\/0002050239940_img-300x225.jpg","resumo":"A primeira miss\u00e3o de Petkovic vai ser buscar um substituto para Argel visando a disputa do Campeonato Brasileiro"},"476338":{"titulo":"Chapecoense fica pr\u00f3xima de acerto com Seijas, meia do Internacional","link":"https:\/\/www.futebolinterior.com.br\/chapecoense-fica-proxima-de-acerto-com-seijas-meia-do-internacional\/","chapeu":"NOVO CAMISA 10","data":"03\/05\/2017","imagem":"https:\/\/images.futebolinterior.com.br\/2021\/04\/0002050239932_img-300x200.jpg","resumo":"Venezuelano de 30 anos est\u00e1 sem espa\u00e7o no Colorado ap\u00f3s o retorno de D'Alessanro"}}