{"475972":{"titulo":"Milton Mendes vai usar atletas da base na prepara\u00e7\u00e3o do Vasco para o Brasileir\u00e3o","link":"https:\/\/www.futebolinterior.com.br\/milton-mendes-vai-usar-atletas-da-base-na-preparacao-do-vasco-para-o-brasileirao\/","chapeu":"TESTANDO","data":"04\/05\/2017","imagem":"https:\/\/images.futebolinterior.com.br\/2021\/04\/0002050240221_img-300x200.jpg","resumo":"Outros atletas da base, entre eles o meia Dudu e os atacantes Robinho e Paulinho, ser\u00e3o avaliados pela comiss\u00e3o t\u00e9cnica "},"476177":{"titulo":"Maicon some ap\u00f3s ser avisado que n\u00e3o seria contratado pelo Botafogo","link":"https:\/\/www.futebolinterior.com.br\/maicon-some-apos-ser-avisado-que-nao-seria-contratado-pelo-botafogo\/","chapeu":"PROCURA-SE","data":"04\/05\/2017","imagem":"https:\/\/images.futebolinterior.com.br\/2021\/04\/0002050240218_img-300x200.jpg","resumo":"O lateral-direito vinha treinando h\u00e1 um m\u00eas nas depend\u00eancias do Nilton Santos"},"475992":{"titulo":"Cotado na Ponte Preta, Rodrigo n\u00e3o consegue rescindir com o Vasco","link":"https:\/\/www.futebolinterior.com.br\/cotado-na-ponte-preta-rodrigo-nao-consegue-rescindir-com-o-vasco\/","chapeu":"T\u00c1 COMPLICADO","data":"04\/05\/2017","imagem":"https:\/\/images.futebolinterior.com.br\/2021\/04\/0002050240215_img-300x200.jpg","resumo":"Com 36 anos, defensor tem um carinho enorme pela Macaca, clube que o revelou para o futebol"},"475613":{"titulo":"Torcida do Palmeiras cria evento contando os dias pra retorno de Cuca","link":"https:\/\/www.futebolinterior.com.br\/torcida-do-palmeiras-cria-evento-contando-os-dias-pra-retorno-de-cuca\/","chapeu":"CUCA DE VOLTA?","data":"04\/05\/2017","imagem":"https:\/\/images.futebolinterior.com.br\/2021\/04\/0002050240213_img-300x189.jpg","resumo":"Mais de 2.500 torcedores j\u00e1 confirmaram presen\u00e7a no evento fict\u00edcio no Facebook"},"476222":{"titulo":"S\u00e9rie B: Dupla pede dispensa do N\u00e1utico e deve retornar ao Fluminense","link":"https:\/\/www.futebolinterior.com.br\/serie-b-dupla-pede-dispensa-do-nautico-e-deve-retornar-ao-fluminense\/","chapeu":"VOLTANDO!","data":"04\/05\/2017","imagem":"https:\/\/images.futebolinterior.com.br\/2021\/04\/0002050240201_img-300x176.jpg","resumo":"Os jogadores est\u00e3o insatisfeitos no Timbu e j\u00e1 negociam a rescis\u00e3o contratual"},"476252":{"titulo":"Bruno Silva destaca import\u00e2ncia de bom in\u00edcio no Brasileir\u00e3o para Botafogo","link":"https:\/\/www.futebolinterior.com.br\/bruno-silva-destaca-importancia-de-bom-inicio-no-brasileirao-para-botafogo\/","chapeu":"INDO BEM!","data":"04\/05\/2017","imagem":"https:\/\/images.futebolinterior.com.br\/2021\/04\/0002050240194_img-300x148.jpg","resumo":"Enquanto n\u00e3o volta a jogar, o Fog\u00e3o aproveita o tempo livre para ajustar a equipe"},"475805":{"titulo":"Com oferta da Fiorentina, zagueiro Vitor Hugo pode deixar o Palmeiras","link":"https:\/\/www.futebolinterior.com.br\/com-oferta-da-fiorentina-zagueiro-vitor-hugo-pode-deixar-o-palmeiras\/","chapeu":"DE SA\u00cdDA?","data":"04\/05\/2017","imagem":"https:\/\/images.futebolinterior.com.br\/2021\/04\/0002050240193_img-300x200.jpg","resumo":"O jogador n\u00e3o vive uma boa fase e est\u00e1 muito perto de deixar o Verd\u00e3o"},"475749":{"titulo":"Wesley avisa que jogadores est\u00e3o se dedicando e v\u00ea S\u00e3o Paulo no caminho certo","link":"https:\/\/www.futebolinterior.com.br\/wesley-avisa-que-jogadores-estao-se-dedicando-e-ve-sao-paulo-no-caminho-certo\/","chapeu":"NO ESFOR\u00c7O","data":"04\/05\/2017","imagem":"https:\/\/images.futebolinterior.com.br\/2021\/04\/0002050240141_img-300x161.jpg","resumo":"Muito criticado no ano passado, o jogador deu a volta por cima com a chegada do t\u00e9cnico Rog\u00e9rio Ceni"},"476108":{"titulo":"Rodrigo, zagueiro do Vasco, est\u00e1 muito perto de assinar com a Ponte Preta","link":"https:\/\/www.futebolinterior.com.br\/rodrigo-zagueiro-do-vasco-esta-muito-perto-de-assinar-com-a-ponte-preta\/","chapeu":"MAIS UM?","data":"04\/05\/2017","imagem":"https:\/\/images.futebolinterior.com.br\/2021\/04\/0002050240132_img-300x204.jpg","resumo":"A Ponte Preta amenizou as preocupa\u00e7\u00f5es do torcedor com a chegada de Emerson Sheik, mas a diretoria n\u00e3o deve parar por a\u00ed"},"476297":{"titulo":"Luvas pagas por novos contratos de TV levam times do Brasil a ter receita recorde","link":"https:\/\/www.futebolinterior.com.br\/luvas-pagas-por-novos-contratos-de-tv-levam-times-do-brasil-a-ter-receita-recorde\/","chapeu":"BOLADA","data":"04\/05\/2017","imagem":"https:\/\/images.futebolinterior.com.br\/2021\/04\/0002050240119_img-300x200.jpg","resumo":"Palmeiras e Flamengo seguem sendo os melhores exemplos de gest\u00e3o, na an\u00e1lise do consultor da BDO"}}