{"475880":{"titulo":"Galiotte afirma que oscila\u00e7\u00e3o do Palmeiras provocou demiss\u00e3o de Eduardo Baptista","link":"https:\/\/www.futebolinterior.com.br\/galiotte-afirma-que-oscilacao-do-palmeiras-provocou-demissao-de-eduardo-baptista\/","chapeu":"FUTEBOL FRACO","data":"05\/05\/2017","imagem":"https:\/\/images.futebolinterior.com.br\/2021\/04\/0002050240295_img-300x200.jpg","resumo":"O presidente do Palmeiras, Maur\u00edcio Galiotte, disse nesta sexta-feira que a oscila\u00e7\u00e3o e a irregularidade do time na temporada provocaram a decis\u00e3o da diretoria de trocar o t\u00e9cnico "},"475483":{"titulo":"Presidente do Palmeiras evita falar de Cuca: 'Queremos t\u00e9cnico o quanto antes'","link":"https:\/\/www.futebolinterior.com.br\/presidente-do-palmeiras-evita-falar-de-cuca-queremos-tecnico-o-quanto-antes\/","chapeu":"QUEM VEM?","data":"05\/05\/2017","imagem":"https:\/\/images.futebolinterior.com.br\/2021\/04\/0002050240294_img-300x190.jpg","resumo":"O treinador voltou a morar em Curitiba, com a fam\u00edlia, e deixou o Verd\u00e3o ap\u00f3s ganhar o Brasileir\u00e3o de 2016"},"475890":{"titulo":"T\u00e9cnico do S\u00e3o Paulo, Ceni lamenta demiss\u00e3o de Eduardo Baptista no Palmeiras","link":"https:\/\/www.futebolinterior.com.br\/tecnico-do-sao-paulo-ceni-lamenta-demissao-de-eduardo-baptista-no-palmeiras\/","chapeu":"N\u00c3O GOSTOU","data":"05\/05\/2017","imagem":"https:\/\/images.futebolinterior.com.br\/2021\/04\/0002050240289_img-300x169.jpg","resumo":"O t\u00e9cnico Rog\u00e9rio Ceni lamentou a demiss\u00e3o de Eduardo Baptista no Palmeiras. O comandante do S\u00e3o Paulo apontou que o t\u00e9cnico tinha bons n\u00fameros \u00e0 frente da equipe e citou ainda"},"476074":{"titulo":"Diretoria do Palmeiras quer definir novo t\u00e9cnico at\u00e9 o fim de semana","link":"https:\/\/www.futebolinterior.com.br\/diretoria-do-palmeiras-quer-definir-novo-tecnico-ate-o-fim-de-semana\/","chapeu":"O ESCOLHIDO \u00c9..","data":"05\/05\/2017","imagem":"https:\/\/images.futebolinterior.com.br\/2021\/04\/0002050240283_img-300x195.jpg","resumo":"A diretoria do Palmeiras est\u00e1 com pressa e quer definir o quanto antes o substituto do t\u00e9cnico Eduardo Baptista, demitido na \u00faltima quinta-feira, ap\u00f3s apenas 21 jogos no cargo. "},"475518":{"titulo":"Especulado no Palmeiras, Cuca desconversa: 'Importa o interesse da diretoria'","link":"https:\/\/www.futebolinterior.com.br\/especulado-no-palmeiras-cuca-desconversa-importa-o-interesse-da-diretoria\/","chapeu":"COM CALMA","data":"05\/05\/2017","imagem":"https:\/\/images.futebolinterior.com.br\/2021\/04\/0002050240275_img-300x197.jpg","resumo":"Treinador n\u00e3o quis falar se pretende retornar para o cargo de treinador do Verd\u00e3o"},"475919":{"titulo":"Com sa\u00edda de Eduardo Baptista, Cuca \u00e9 favorito a assumir Palmeiras","link":"https:\/\/www.futebolinterior.com.br\/com-saida-de-eduardo-baptista-cuca-e-favorito-a-assumir-palmeiras\/","chapeu":"VAI VOLTAR?","data":"04\/05\/2017","imagem":"https:\/\/images.futebolinterior.com.br\/2021\/04\/0002050240262_img-300x175.png","resumo":"T\u00e9cnico campe\u00e3o brasileiro deve ser convidado a retornar ainda nesta madrugada"},"476106":{"titulo":"Palmeiras cede \u00e0 press\u00e3o da torcida e demite Eduardo Baptista","link":"https:\/\/www.futebolinterior.com.br\/palmeiras-cede-a-pressao-da-torcida-e-demite-eduardo-baptista\/","chapeu":"BOMBA","data":"04\/05\/2017","imagem":"https:\/\/images.futebolinterior.com.br\/2021\/04\/0002050240261_img-300x188.jpg","resumo":"A gota d'\u00e1gua foi a derrota para o Jorge Wilstermann, na \u00faltima quarta-feira, pela Libertadores"},"476116":{"titulo":"Atl\u00e9tico-GO tem vendas de mando barradas e jogos contra Fla ser\u00e3o em Goi\u00e2nia","link":"https:\/\/www.futebolinterior.com.br\/atletico-go-tem-vendas-de-mando-barradas-e-jogos-contra-fla-serao-em-goiania\/","chapeu":"T\u00c1 CERTO","data":"04\/05\/2017","imagem":"https:\/\/images.futebolinterior.com.br\/2021\/04\/0002050240248_img-300x168.jpg","resumo":"Os dois times v\u00e3o se enfrentar quatro vezes nesta temporada - duas pela Copa do Brasil e duas pelo Brasileir\u00e3o"},"475731":{"titulo":"Governo federal dar\u00e1 R$ 15,5 mi para Chapecoense reformar est\u00e1dio e criar museu","link":"https:\/\/www.futebolinterior.com.br\/governo-federal-dara-r-155-mi-para-chapecoense-reformar-estadio-e-criar-museu\/","chapeu":"AUX\u00cdLIO","data":"04\/05\/2017","imagem":"https:\/\/images.futebolinterior.com.br\/2021\/04\/0002050240239_img-300x130.png","resumo":"Valor ser\u00e1 repassado \u00e0 Prefeitura de Chapec\u00f3, que \u00e9 a propriet\u00e1ria do est\u00e1dio do time de futebol"},"475742":{"titulo":"CBF confirma jogos de Fla e Flu no Maracan\u00e3 na 1\u00aa rodada do Brasileir\u00e3o","link":"https:\/\/www.futebolinterior.com.br\/cbf-confirma-jogos-de-fla-e-flu-no-maracana-na-1a-rodada-do-brasileirao\/","chapeu":"A\u00cd SIM!","data":"04\/05\/2017","imagem":"https:\/\/images.futebolinterior.com.br\/2021\/04\/0002050240237_img-300x200.jpg","resumo":"Clubes comemoram decis\u00e3o e encerram per\u00edodo sem \"casa\" para a principal competi\u00e7\u00e3o nacional"}}