{"605422":{"titulo":"Marcelo Oliveira aposta na volta de Arouca para Palmeiras melhorar","link":"https:\/\/www.futebolinterior.com.br\/marcelo-oliveira-aposta-na-volta-de-arouca-para-palmeiras-melhorar\/","chapeu":"AJUDINHA...","data":"02\/11\/2015","imagem":"https:\/\/images.futebolinterior.com.br\/2021\/04\/0002050125276_img-300x169.jpg","resumo":"O t\u00e9cnico Marcelo Oliveira contar\u00e1 com a volta de Arouca e tamb\u00e9m de Cleiton Xavier para resolver os problemas que o Palmeiras apresentou na derrota para o Santos"},"605426":{"titulo":"S\u00e3o Paulo d\u00e1 parab\u00e9ns a Diego Lugano no Facebook e aumenta expectativa","link":"https:\/\/www.futebolinterior.com.br\/sao-paulo-da-parabens-a-diego-lugano-no-facebook-e-aumenta-expectativa\/","chapeu":"SER\u00c1 QUE VOLTA?","data":"02\/11\/2015","imagem":"https:\/\/images.futebolinterior.com.br\/2021\/04\/0002050125275_img-300x300.jpg","resumo":"A segunda-feira trouxe o nome de Diego Lugano \u00e0 pauta de contrata\u00e7\u00f5es do S\u00e3o Paulo para a pr\u00f3xima temporada"},"605436":{"titulo":"Michel Bastos avisa que vai processar autora de racismo contra ele","link":"https:\/\/www.futebolinterior.com.br\/michel-bastos-avisa-que-vai-processar-autora-de-racismo-contra-ele\/","chapeu":"ABSURDO","data":"02\/11\/2015","imagem":"https:\/\/images.futebolinterior.com.br\/2021\/04\/0002050125269_img-300x180.jpg","resumo":"No domingo, foi chamado de 'macaco negro safado' por um perfil feminino na rede social Instagram"},"605438":{"titulo":"Ponte Preta foca no Internacional para entrar de vez na briga pelo G4","link":"https:\/\/www.futebolinterior.com.br\/ponte-preta-foca-no-internacional-para-entrar-de-vez-na-briga-pelo-g4\/","chapeu":"SONHO MEU","data":"02\/11\/2015","imagem":"https:\/\/images.futebolinterior.com.br\/2021\/04\/0002050125267_img-300x153.jpg","resumo":"\u200bA Ponte Preta nem comemorou a vit\u00f3ria pro 1 a 0 em cima do Joinville e j\u00e1 teve que mudar o foco para o confronto com o Internacional no pr\u00f3ximo s\u00e1bado, \u00e0s 17 horas"},"605444":{"titulo":"Oswaldo reclama de expuls\u00e3o de Guerrero e v\u00ea arbitragem tendenciosa contra Fla","link":"https:\/\/www.futebolinterior.com.br\/oswaldo-reclama-de-expulsao-de-guerrero-e-ve-arbitragem-tendenciosa-contra-fla\/","chapeu":"VISH","data":"02\/11\/2015","imagem":"https:\/\/images.futebolinterior.com.br\/2021\/04\/0002050125264_img-300x225.jpg","resumo":"Com o resultado de domingo, o Flamengo chegou \u00e0 inc\u00f4moda marca de sete derrotas nos \u00faltimos oito jogos"},"605446":{"titulo":"Para Ricardo Oliveira, Santos pecou pelo preciosismo nas finaliza\u00e7\u00f5es","link":"https:\/\/www.futebolinterior.com.br\/para-ricardo-oliveira-santos-pecou-pelo-preciosismo-nas-finalizacoes\/","chapeu":"MAIS HUMILDADE","data":"02\/11\/2015","imagem":"https:\/\/images.futebolinterior.com.br\/2021\/04\/0002050125263_img-300x200.jpg","resumo":"Artilheiro do Campeonato Brasileiro com 20 gols, o \u00faltimo deles anotado na vit\u00f3ria do Santos sobre o Palmeiras por 2 a 1, neste domingo"},"605452":{"titulo":"Nas \u00faltimas 5 rodadas, S\u00e3o Paulo quer vaga na Libertadores para 'salvar o ano'","link":"https:\/\/www.futebolinterior.com.br\/nas-ultimas-5-rodadas-sao-paulo-quer-vaga-na-libertadores-para-salvar-o-ano\/","chapeu":"SER\u00c1?","data":"02\/11\/2015","imagem":"https:\/\/images.futebolinterior.com.br\/2021\/04\/0002050125259_img-300x187.png","resumo":"O S\u00e3o Paulo tem os mesmos 53 pontos do Santos, mas fica atr\u00e1s nos crit\u00e9rios de desempate. Mas os jogadores sabem que o foco tem de ser a classifica\u00e7\u00e3o para a Libertadores"},"605456":{"titulo":"Levir Culpi admite que situa\u00e7\u00e3o do Atl\u00e9tico-MG \u00e9 muito dif\u00edcil ap\u00f3s derrota","link":"https:\/\/www.futebolinterior.com.br\/levir-culpi-admite-que-situacao-do-atletico-mg-e-muito-dificil-apos-derrota\/","chapeu":"JOGOU A TOALHA","data":"02\/11\/2015","imagem":"https:\/\/images.futebolinterior.com.br\/2021\/04\/0002050125257_img-300x150.jpg","resumo":" Para Levir Culpi, o diferencial no duelo foi a efetividade nas finaliza\u00e7\u00f5es"},"605458":{"titulo":"Caso antigo, Prass e Ricardo Oliveira t\u00eam novo desentendimento em cl\u00e1ssico","link":"https:\/\/www.futebolinterior.com.br\/caso-antigo-prass-e-ricardo-oliveira-tem-novo-desentendimento-em-classico\/","chapeu":"DE NOVO","data":"02\/11\/2015","imagem":"https:\/\/images.futebolinterior.com.br\/2021\/04\/0002050125256_img-300x202.jpg","resumo":"No primeiro turno, os dois j\u00e1 haviam se desentendido no est\u00e1dio Allianz Parque, quando o Palmeiras ganhou por 1 a 0 "},"605460":{"titulo":"Corinthians mira renova\u00e7\u00e3o de Renato Augusto e quer tr\u00eas refor\u00e7os para 2016","link":"https:\/\/www.futebolinterior.com.br\/corinthians-mira-renovacao-de-renato-augusto-e-quer-tres-reforcos-para-2016\/","chapeu":"QUER MAIS","data":"02\/11\/2015","imagem":"https:\/\/images.futebolinterior.com.br\/2021\/04\/0002050125255_img-300x184.jpg","resumo":"Andr\u00e9s, que evitou falar quais posi\u00e7\u00f5es o time precisa se refor\u00e7ar, admitiu que n\u00e3o imaginava que o time seria campe\u00e3o neste ano"}}