{"605302":{"titulo":"Corinthians d\u00e1 show e \u00e9 o melhor em tudo no Brasileir\u00e3o","link":"https:\/\/www.futebolinterior.com.br\/corinthians-da-show-e-e-o-melhor-em-tudo-no-brasileirao\/","chapeu":"OPINI\u00c3O","data":"02\/11\/2015","imagem":"https:\/\/images.futebolinterior.com.br\/2021\/04\/0002050125371_img-300x169.jpg","resumo":"Foi um show de bola do Corinthians. Uma aula de t\u00e1tica, de t\u00e9cnica, de posicionamento, de espirito coletivo. O Atl\u00e9tico at\u00e9 tentou segurar seu advers\u00e1rio, mas foi impotente. "},"605329":{"titulo":"Fluminense encaminha acerto com Felipe Amorim, do Am\u00e9rica-MG, e Matheus Ferraz, do Sport","link":"https:\/\/www.futebolinterior.com.br\/fluminense-encaminha-acerto-com-felipe-amorim-do-america-mg-e-matheus-ferraz-do-sport\/","chapeu":"REFOR\u00c7ANDO!","data":"02\/11\/2015","imagem":"https:\/\/images.futebolinterior.com.br\/2021\/04\/0002050125335_img-300x200.jpg","resumo":"Sem a Unimed, o Tricolor aposta em refor\u00e7os mais humildes para formar uma equipe forte na pr\u00f3xima temporada"},"605343":{"titulo":"Leandro Donizete v\u00ea 'situa\u00e7\u00e3o horr\u00edvel' no Atl\u00e9tico-MG e pede refor\u00e7os para 2016","link":"https:\/\/www.futebolinterior.com.br\/leandro-donizete-ve-situacao-horrivel-no-atletico-mg-e-pede-reforcos-para-2016\/","chapeu":"SITUA\u00c7\u00c3O HORR\u00cdVEL!","data":"02\/11\/2015","imagem":"https:\/\/images.futebolinterior.com.br\/2021\/04\/0002050125323_img-300x200.jpg","resumo":"O Atl\u00e9tico-MG deu adeus \u00e0 briga pelo t\u00edtulo brasileiro no \u00faltimo domingo e Donizete analisou a situa\u00e7\u00e3o do clube"},"605335":{"titulo":"Especulado no Palmeiras, Apodi pode trocar Chapecoense pelo Sporting","link":"https:\/\/www.futebolinterior.com.br\/especulado-no-palmeiras-apodi-pode-trocar-chapecoense-pelo-sporting\/","chapeu":"TODOS QUEREM","data":"02\/11\/2015","imagem":"https:\/\/images.futebolinterior.com.br\/2021\/04\/0002050125324_img-300x196.jpg","resumo":"As boas atua\u00e7\u00f5es no Brasileir\u00e3o e na Sul-Americana despertaram o interesse dos portugueses"},"605357":{"titulo":"Luan celebra \u00f3tima temporada no Gr\u00eamio, mas diz que ainda precisa evoluir","link":"https:\/\/www.futebolinterior.com.br\/luan-celebra-otima-temporada-no-gremio-mas-diz-que-ainda-precisa-evoluir\/","chapeu":"GRANDE MOMENTO!","data":"02\/11\/2015","imagem":"https:\/\/images.futebolinterior.com.br\/2021\/04\/0002050125317_img-300x200.jpg","resumo":"O atacante Luan, de 22 anos, assumiu em 2015 o papel de protagonista que se esperava dele desde que ganhou espa\u00e7o nos profissionais do Gr\u00eamio, mas diz que ainda precisa evoluir"},"605361":{"titulo":"Michel Bastos poderia trocar S\u00e3o Paulo pela Ponte Preta. Entenda...","link":"https:\/\/www.futebolinterior.com.br\/michel-bastos-poderia-trocar-sao-paulo-pela-ponte-preta-entenda\/","chapeu":"SONHO!","data":"02\/11\/2015","imagem":"https:\/\/images.futebolinterior.com.br\/2021\/04\/0002050125310_img-300x209.jpg","resumo":"Jogador foi criticado ap\u00f3s o jogo de s\u00e1bado contra o Sport e teve seu nome colocado na Ponte Preta"},"605380":{"titulo":"Inter entra na briga com Corinthians, Palmeiras e Galo por Fernando Bob, da Ponte Preta","link":"https:\/\/www.futebolinterior.com.br\/inter-entra-na-briga-com-corinthians-palmeiras-e-galo-por-fernando-bob-da-ponte-preta\/","chapeu":"MAIS UM","data":"02\/11\/2015","imagem":"https:\/\/images.futebolinterior.com.br\/2021\/04\/0002050125297_img-300x153.jpg","resumo":"O Inter monitora a situa\u00e7\u00e3o do jogador e nos pr\u00f3ximos meses deve consultar seu empres\u00e1rio por uma transfer\u00eancia"},"605395":{"titulo":"Afastado h\u00e1 um ano, zagueiro Ded\u00e9 se v\u00ea '85% pronto' para voltar ao Cruzeiro","link":"https:\/\/www.futebolinterior.com.br\/afastado-ha-um-ano-zagueiro-dede-se-ve-85-pronto-para-voltar-ao-cruzeiro\/","chapeu":"FALTA POUCO!","data":"02\/11\/2015","imagem":"https:\/\/images.futebolinterior.com.br\/2021\/04\/0002050125295_img-300x155.jpg","resumo":"Operado apenas em janeiro, o defensor segue no processo de recupera\u00e7\u00e3o que o tirou do combate durante toda a temporada"},"605389":{"titulo":"Keirrison alega sal\u00e1rios atrasados e amea\u00e7a acionar Coritiba na Justi\u00e7a","link":"https:\/\/www.futebolinterior.com.br\/keirrison-alega-salarios-atrasados-e-ameaca-acionar-coritiba-na-justica\/","chapeu":"CLIM\u00c3O","data":"02\/11\/2015","imagem":"https:\/\/images.futebolinterior.com.br\/2021\/04\/0002050125292_img-300x193.jpg","resumo":"O atacante n\u00e3o tem atuado no time principal, mas treinado todos os dias sob os olhares de Ney Franco"},"605419":{"titulo":"'Temos de buscar pontos fora de casa', diz Dorival J\u00fanior","link":"https:\/\/www.futebolinterior.com.br\/temos-de-buscar-pontos-fora-de-casa-diz-dorival-junior\/","chapeu":"S\u00d3 NA VILA N\u00c3O D\u00c1...","data":"02\/11\/2015","imagem":"https:\/\/images.futebolinterior.com.br\/2021\/04\/0002050125285_img.jpg","resumo":"O Santos encara na reta final do Campeonato Brasileiro um fantasma que o atormentou em todo o torneio: o desempenho ruim fora da Vila Belmiro"}}