{"605462":{"titulo":"Ap\u00f3s quebra de jejum, Dami\u00e3o quer ajudar Cruzeiro em sequ\u00eancia 'importante'","link":"https:\/\/www.futebolinterior.com.br\/apos-quebra-de-jejum-damiao-quer-ajudar-cruzeiro-em-sequencia-importante\/","chapeu":"DAMIGOL?","data":"02\/11\/2015","imagem":"https:\/\/images.futebolinterior.com.br\/2021\/04\/0002050125254_img-300x193.jpg","resumo":"Leandro Dami\u00e3o n\u00e3o marcava um gol no Brasileir\u00e3o desde 13 de junho, quando fez dois contra o Vasco, no Rio"},"605584":{"titulo":"Mem\u00f3rias do futebol com Ariovaldo Izac: Lidu e Eduardo","link":"https:\/\/www.futebolinterior.com.br\/memorias-do-futebol-com-ariovaldo-izac-lidu-e-eduardo\/","chapeu":"ARIOVALDO IZAC!","data":"02\/11\/2015","imagem":"https:\/\/images.futebolinterior.com.br\/2021\/04\/0002050125037_img-300x123.jpg","resumo":"Mem\u00f3rias do futebol com Ariovaldo Izac: Lidu e Eduardo\r\n"},"605471":{"titulo":"Treinador campe\u00e3o no Nordeste, Roberto Fernandes, \u00e9 a atra\u00e7\u00e3o no Camarote Rede Fam\u00edlia","link":"https:\/\/www.futebolinterior.com.br\/treinador-campeao-no-nordeste-roberto-fernandes-e-a-atracao-no-camarote-rede-familia\/","chapeu":"ATRA\u00c7\u00c3O DA REDE FAM\u00cdLIA","data":"02\/11\/2015","imagem":"https:\/\/images.futebolinterior.com.br\/2021\/04\/0002050125245_img-300x177.jpg","resumo":"Roberto Fernandes \u00e9 um dos principais treinadores do Brasil j\u00e1 tendo dirigido grandes equipes "},"605488":{"titulo":"Z\u00e9 Love comemora grande virada do Goi\u00e1s no Serra Dourada diante do Internacional","link":"https:\/\/www.futebolinterior.com.br\/ze-love-comemora-grande-virada-do-goias-no-serra-dourada-diante-do-internacional\/","chapeu":"GOSTOU","data":"01\/11\/2015","imagem":"https:\/\/images.futebolinterior.com.br\/2021\/04\/0002050125215_img-300x197.jpg","resumo":"Atacante abriu o caminho do time goianos na vit\u00f3ria sobre o Colorado por 2 a 1"},"605530":{"titulo":"Sele\u00e7\u00e3o Futebol Interior do Brasileir\u00e3o chega com \"t\u00e9cnico campe\u00e3o\"","link":"https:\/\/www.futebolinterior.com.br\/selecao-futebol-interior-do-brasileirao-chega-com-tecnico-campeao\/","chapeu":"T\u00c1 CHEGANDO A HORA...","data":"01\/11\/2015","imagem":"https:\/\/images.futebolinterior.com.br\/2021\/04\/0002050125155_img-300x200.jpg","resumo":"\u00e3o indica\u00e7\u00f5es de jornalistas, radialistas e colaboradores que ajudam a fazer do Portal FI como o maior portal de futebol do Brasil e trazem a sele\u00e7\u00e3o no esquema 4-4-2"},"605497":{"titulo":"Michel Bastos, meia do S\u00e3o Paulo, \u00e9 v\u00edtima de racismo nas redes sociais","link":"https:\/\/www.futebolinterior.com.br\/michel-bastos-meia-do-sao-paulo-e-vitima-de-racismo-nas-redes-sociais\/","chapeu":"MEU DEUS","data":"01\/11\/2015","imagem":"https:\/\/images.futebolinterior.com.br\/2021\/04\/0002050125181_img-300x222.jpg","resumo":"O jogador n\u00e3o falou se pretende denunciar a conta que escreveu mensagens racistas para ele"},"605517":{"titulo":"Goi\u00e1s 2 x 1 Internacional - De virada, Verd\u00e3o vence e adia sonho do Inter no G4","link":"https:\/\/www.futebolinterior.com.br\/goias-2-x-1-internacional-de-virada-verdao-vence-e-adia-sonho-do-inter-no-g4\/","chapeu":"VIRA VIROU!","data":"01\/11\/2015","imagem":"https:\/\/images.futebolinterior.com.br\/2021\/04\/0002050125169_img-300x193.jpg","resumo":"Com o resultado, o Goi\u00e1s conquista um importante ponto na briga contra o rebaixamento"},"605519":{"titulo":"Tite n\u00e3o quer t\u00edtulo do Corinthians pela TV: 'Prefiro jogar no domingo'","link":"https:\/\/www.futebolinterior.com.br\/tite-nao-quer-titulo-do-corinthians-pela-tv-prefiro-jogar-no-domingo\/","chapeu":"PRESS\u00c3OZINHA?","data":"01\/11\/2015","imagem":"https:\/\/images.futebolinterior.com.br\/2021\/04\/0002050125161_img-300x214.jpg","resumo":"O Corinthians recebe o Coritiba no pr\u00f3ximo s\u00e1bado. Enquanto o Atl\u00e9tico-MG enfrentar\u00e1 o Figueirense no domingo"},"605539":{"titulo":"Em dia de comemora\u00e7\u00e3o do goleiro, Atl\u00e9tico-PR mant\u00e9m invencibilidade contra equipes catarinenses","link":"https:\/\/www.futebolinterior.com.br\/em-dia-de-comemoracao-do-goleiro-atletico-pr-mantem-invencibilidade-contra-equipes-catarinenses\/","chapeu":"BOA!","data":"01\/11\/2015","imagem":"https:\/\/images.futebolinterior.com.br\/2021\/04\/0002050125121_img-300x208.jpg","resumo":"No total, somando Campeonato Brasileiro e Copa Sul-Americana, s\u00e3o seis vit\u00f3rias e tr\u00eas empates"},"605524":{"titulo":"Briga entre torcedores de Vasco e Fluminense deixa tr\u00eas feridos","link":"https:\/\/www.futebolinterior.com.br\/briga-entre-torcedores-de-vasco-e-fluminense-deixa-tres-feridos\/","chapeu":"DEU RUIM","data":"01\/11\/2015","imagem":"https:\/\/images.futebolinterior.com.br\/2021\/04\/0002050125140_img-300x169.png","resumo":"O confronto aconteceu por volta das 14 horas, na \u00e1rea externa da esta\u00e7\u00e3o de trem de Mesquita, na Baixada Fluminense"}}