{"605228":{"titulo":"Wesley ganha espa\u00e7o e deve ser mantido entre os titulares do S\u00e3o Paulo","link":"https:\/\/www.futebolinterior.com.br\/wesley-ganha-espaco-e-deve-ser-mantido-entre-os-titulares-do-sao-paulo\/","chapeu":"NOVIDADE","data":"03\/11\/2015","imagem":"https:\/\/images.futebolinterior.com.br\/2021\/04\/0002050125435_img-300x169.png","resumo":"Wesley se apresentou ao S\u00e3o Paulo em mar\u00e7o e estreou no m\u00eas na seguinte, mas n\u00e3o chegou a ter uma longa sequ\u00eancia como titular"},"605197":{"titulo":"CSA sonha com Marcelinho Para\u00edba para o Estadual de 2016","link":"https:\/\/www.futebolinterior.com.br\/csa-sonha-com-marcelinho-paraiba-para-o-estadual-de-2016\/","chapeu":"SONHO","data":"03\/11\/2015","imagem":"https:\/\/images.futebolinterior.com.br\/2021\/04\/0002050125433_img-300x195.jpg","resumo":"Marcelinho Para\u00edba tem 40 anos. Surgiu com destaque no S\u00e3o Paulo, no final dos anos 2000"},"605230":{"titulo":"Love admite que time poder dar volta ol\u00edmpica no s\u00e1bado mesmo sem garantir t\u00edtulo","link":"https:\/\/www.futebolinterior.com.br\/love-admite-que-time-poder-dar-volta-olimpica-no-sabado-mesmo-sem-garantir-titulo\/","chapeu":"SER\u00c1?","data":"03\/11\/2015","imagem":"https:\/\/images.futebolinterior.com.br\/2021\/04\/0002050125425_img-300x200.jpg","resumo":"Para ser campe\u00e3o, o time precisa vencer o Coritiba \u00e0s 19h30 e torcer no domingo por um trope\u00e7o do Atl\u00e9tico-MG diante do Figueirense"},"605252":{"titulo":"Luto! Camisa 10 do Coritiba campe\u00e3o nacional de 1985, Toby morre de infarto aos 53 anos","link":"https:\/\/www.futebolinterior.com.br\/luto-camisa-10-do-coritiba-campeao-nacional-de-1985-toby-morre-de-infarto-aos-53-anos\/","chapeu":"LUTO","data":"03\/11\/2015","imagem":"https:\/\/images.futebolinterior.com.br\/2021\/04\/0002050125405_img-300x199.jpg","resumo":"Toby iniciou a sua trajet\u00f3ria pelo Coritiba em 1978, depois de curiosamente ter a sua contrata\u00e7\u00e3o indicada por um pedreiro que fazia reparos no est\u00e1dio do clube"},"605245":{"titulo":"Empres\u00e1rio frustra Tim\u00e3o e Inter e confirma Fernando Bob, da Ponte, no Palmeiras","link":"https:\/\/www.futebolinterior.com.br\/empresario-frustra-timao-e-inter-e-confirma-fernando-bob-da-ponte-no-palmeiras\/","chapeu":"ACERTADO","data":"03\/11\/2015","imagem":"https:\/\/images.futebolinterior.com.br\/2021\/04\/0002050125402_img-300x174.jpg","resumo":"A transfer\u00eancia dever\u00e1 ser confirmada apenas ao t\u00e9rmino do Campeonato Brasileiro"},"605266":{"titulo":"Torcedor no cl\u00e1ssico, Fred segue sem previs\u00e3o de volta ao Fluminense","link":"https:\/\/www.futebolinterior.com.br\/torcedor-no-classico-fred-segue-sem-previsao-de-volta-ao-fluminense\/","chapeu":"AINDA N\u00c3O","data":"03\/11\/2015","imagem":"https:\/\/images.futebolinterior.com.br\/2021\/04\/0002050125395_img-300x199.jpg","resumo":"As dores da les\u00e3o sofrida no jogo de ida das semifinais da Copa do Brasil, contra o Palmeiras, ainda o impedem de atuar"},"605272":{"titulo":"Zagueiros do S\u00e3o Paulo abrem as portas para a contrata\u00e7\u00e3o do uruguaio Lugano","link":"https:\/\/www.futebolinterior.com.br\/zagueiros-do-sao-paulo-abrem-as-portas-para-a-contratacao-do-uruguaio-lugano\/","chapeu":"BEM-VINDO!","data":"03\/11\/2015","imagem":"https:\/\/images.futebolinterior.com.br\/2021\/04\/0002050125394_img-239x300.jpg","resumo":"Para os jovens atletas que est\u00e3o assumindo a responsabilidade na defesa, a chegada do atleta \u00e9 vista com bons olhos"},"605268":{"titulo":"Palmeiras e Flamengo brigam por Diego Souza para pr\u00f3xima temporada","link":"https:\/\/www.futebolinterior.com.br\/palmeiras-e-flamengo-brigam-por-diego-souza-para-proxima-temporada\/","chapeu":"VAI VOLTAR?","data":"03\/11\/2015","imagem":"https:\/\/images.futebolinterior.com.br\/2021\/04\/0002050125393_img-300x200.jpg","resumo":"Atualmente no elenco do Sport, foram pessoas pr\u00f3ximas do atleta que confirmaram o interesse do Alviverde no jogador"},"605274":{"titulo":"Ap\u00f3s 'nocaute', Leonardo Silva cobra r\u00e1pida recupera\u00e7\u00e3o no Atl\u00e9tico-MG","link":"https:\/\/www.futebolinterior.com.br\/apos-nocaute-leonardo-silva-cobra-rapida-recuperacao-no-atletico-mg\/","chapeu":"VOLTA POR CIMA","data":"03\/11\/2015","imagem":"https:\/\/images.futebolinterior.com.br\/2021\/04\/0002050125391_img-300x192.jpg","resumo":"Mesmo ainda com chances matem\u00e1ticas a cinco rodadas para o fim da competi\u00e7\u00e3o, todos no Atl\u00e9tico-MG foram un\u00e2nimes ao cravar o Corinthians como campe\u00e3o brasileiro ap\u00f3s a derrota"},"605276":{"titulo":"Corinthians tem pressa para confirmar o t\u00edtulo do Campeonato Brasileiro","link":"https:\/\/www.futebolinterior.com.br\/corinthians-tem-pressa-para-confirmar-o-titulo-do-campeonato-brasileiro\/","chapeu":"J\u00c1?!","data":"03\/11\/2015","imagem":"https:\/\/images.futebolinterior.com.br\/2021\/04\/0002050125390_img-300x185.jpg","resumo":"O objetivo \u00e9 confirmar o sexto t\u00edtulo nacional j\u00e1 na pr\u00f3xima rodada"}}