{"605117":{"titulo":"Ap\u00f3s sumi\u00e7o, atacante Miachel pede e rescinde contrato com o Fluminense","link":"https:\/\/www.futebolinterior.com.br\/apos-sumico-atacante-miachel-pede-e-rescinde-contrato-com-o-fluminense\/","chapeu":"ADEUS","data":"03\/11\/2015","imagem":"https:\/\/images.futebolinterior.com.br\/2021\/04\/0002050125497_img-300x169.jpg","resumo":" Ap\u00f3s dias de aus\u00eancia nas Laranjeiras, o atacante teve seu pedido de rescis\u00e3o protamente atendido pelo presidente Peter Siemsen"},"605111":{"titulo":"Wesley pede puni\u00e7\u00e3o para ato racista contra Michel Bastos","link":"https:\/\/www.futebolinterior.com.br\/wesley-pede-punicao-para-ato-racista-contra-michel-bastos\/","chapeu":"EMPATIA...","data":"03\/11\/2015","imagem":"https:\/\/images.futebolinterior.com.br\/2021\/04\/0002050125498_img-300x193.jpg","resumo":"O meia s\u00e3o-paulino j\u00e1 afirmou que vai levar o caso a justi\u00e7a e denunciar torcedor."},"605132":{"titulo":"Roger Machado surpreende e comanda coletivo entre os reservas do Gr\u00eamio","link":"https:\/\/www.futebolinterior.com.br\/roger-machado-surpreende-e-comanda-coletivo-entre-os-reservas-do-gremio\/","chapeu":"NOVIDADE!","data":"03\/11\/2015","imagem":"https:\/\/images.futebolinterior.com.br\/2021\/04\/0002050125493_img-300x134.jpg","resumo":"O elenco do Gr\u00eamio viveu uma situa\u00e7\u00e3o diferente em sua reapresenta\u00e7\u00e3o, nesta ter\u00e7a-feira"},"605130":{"titulo":"Palmeiras se aproxima de Fernando Bob e monitora Jean para 2016","link":"https:\/\/www.futebolinterior.com.br\/palmeiras-se-aproxima-de-fernando-bob-e-monitora-jean-para-2016\/","chapeu":"M\u00c1QUINA DE REFOR\u00c7OS","data":"03\/11\/2015","imagem":"https:\/\/images.futebolinterior.com.br\/2021\/04\/0002050125490_img-300x153.jpg","resumo":"Apesar do interesse de Internacional e Flamengo, o empres\u00e1rio de Bob revelou que o jogador j\u00e1 tem um acordo verbal com o Palmeiras"},"605121":{"titulo":"Thiago Maia elogia veteranos do Santos e pede humildade \u00e0 equipe","link":"https:\/\/www.futebolinterior.com.br\/thiago-maia-elogia-veteranos-do-santos-e-pede-humildade-a-equipe\/","chapeu":"P\u00c9S NO CH\u00c3O!","data":"03\/11\/2015","imagem":"https:\/\/images.futebolinterior.com.br\/2021\/04\/0002050125488_img-300x225.jpg","resumo":"Renato e Ricardo Oliveira s\u00e3o vistos como exemplo pelos mais jovens do elenco santista"},"605177":{"titulo":"Advogado de Michel Bastos vai entregar den\u00fancia de racismo nesta quarta","link":"https:\/\/www.futebolinterior.com.br\/advogado-de-michel-bastos-vai-entregar-denuncia-de-racismo-nesta-quarta\/","chapeu":"N\u00c3O PODE FICAR ASSIM!","data":"03\/11\/2015","imagem":"https:\/\/images.futebolinterior.com.br\/2021\/04\/0002050125482_img-300x180.jpg","resumo":"A torcedora que no \u00faltimo s\u00e1bado fez coment\u00e1rios racistas na internet sobre o jogador Michel Bastos, do S\u00e3o Paulo, ser\u00e1 denunciada por injuria racial nesta quarta-feira"},"605148":{"titulo":"Ponte Preta se reapresenta e pode ter at\u00e9 sete desfalques diante do Inter","link":"https:\/\/www.futebolinterior.com.br\/ponte-preta-se-reapresenta-e-pode-ter-ate-sete-desfalques-diante-do-inter\/","chapeu":"ZICA","data":"03\/11\/2015","imagem":"https:\/\/images.futebolinterior.com.br\/2021\/04\/0002050125468_img-300x195.jpg","resumo":"Rodinei, suspenso pelo terceiro amarelo, e Josimar, por for\u00e7a de contrato s\u00e3o baixas certas"},"605171":{"titulo":"Gr\u00eamio entra na briga com o Flamengo por Cl\u00e9ber, ex-Ponte Preta","link":"https:\/\/www.futebolinterior.com.br\/gremio-entra-na-briga-com-o-flamengo-por-cleber-ex-ponte-preta\/","chapeu":"QUEM LEVA?","data":"03\/11\/2015","imagem":"https:\/\/images.futebolinterior.com.br\/2021\/04\/0002050125450_img-300x190.jpg","resumo":"A id\u00e9ia do time ga\u00facho \u00e9 contrat\u00e1-lo por empr\u00e9stimo e ao final de 2016 ter prioridade na compra em definitiva dos seus direitos econ\u00f4micos"},"605217":{"titulo":"Inter volta aos treinos com coletivo entre os reservas","link":"https:\/\/www.futebolinterior.com.br\/inter-volta-aos-treinos-com-coletivo-entre-os-reservas\/","chapeu":"DE LEVE","data":"03\/11\/2015","imagem":"https:\/\/images.futebolinterior.com.br\/2021\/04\/0002050125442_img-300x206.jpg","resumo":"O t\u00e9cnico Argel Fucks comandou um coletivo entre os jogadores que n\u00e3o iniciaram a derrota para o Goi\u00e1s, no \u00faltimo domingo"},"605226":{"titulo":"Armero treina no Flamengo e Emerson Sheik deixa atividade ap\u00f3s levar pis\u00e3o","link":"https:\/\/www.futebolinterior.com.br\/armero-treina-no-flamengo-e-emerson-sheik-deixa-atividade-apos-levar-pisao\/","chapeu":"MUDAN\u00c7AS?","data":"03\/11\/2015","imagem":"https:\/\/images.futebolinterior.com.br\/2021\/04\/0002050125437_img-300x200.jpg","resumo":"O lateral-esquerdo se recupera de uma les\u00e3o no m\u00fasculo adutor da coxa, sofrida no in\u00edcio de setembro"}}