{"605038":{"titulo":"Crise faz Corinthians rechear elenco com jogadores da base","link":"https:\/\/www.futebolinterior.com.br\/crise-faz-corinthians-rechear-elenco-com-jogadores-da-base\/","chapeu":"COLHENDO","data":"04\/11\/2015","imagem":"https:\/\/images.futebolinterior.com.br\/2021\/04\/0002050125561_img-300x169.jpg","resumo":"Nos cinco t\u00edtulos nacionais j\u00e1 conquistados pelo Corinthians, apenas o de 2005, com 19 atletas, tinha mais jogadores da base"},"605064":{"titulo":"Disfar\u00e7ado de seguran\u00e7a, Ronaldinho Ga\u00facho surpreende garotos com muita habilidade em Dubai. Assista!","link":"https:\/\/www.futebolinterior.com.br\/disfarcado-de-seguranca-ronaldinho-gaucho-surpreende-garotos-com-muita-habilidade-em-dubai-assista\/","chapeu":"SHOW MAN!","data":"03\/11\/2015","imagem":0,"resumo":"O craque brasileiro participou de um reality show da televis\u00e3o dos Emirados \u00c1rabes"},"605070":{"titulo":"Coritiba anuncia demiss\u00e3o de Ney Franco e afastamento de Keirrison","link":"https:\/\/www.futebolinterior.com.br\/coritiba-anuncia-demissao-de-ney-franco-e-afastamento-de-keirrison\/","chapeu":"\u00c9 O 28\u00ba!","data":"03\/11\/2015","imagem":"https:\/\/images.futebolinterior.com.br\/2021\/04\/0002050125523_img-300x179.jpg","resumo":"O ex-jogador do Palmeiras recusou entrar em campo por conta de sal\u00e1rios atrasados"},"605074":{"titulo":"Marcelo Oliveira n\u00e3o encaixa o Palmeiras","link":"https:\/\/www.futebolinterior.com.br\/marcelo-oliveira-nao-encaixa-o-palmeiras\/","chapeu":"OPINI\u00c3O","data":"03\/11\/2015","imagem":"https:\/\/images.futebolinterior.com.br\/2021\/04\/0002050125521_img-300x184.jpg","resumo":"Novo treinador, 25 novas contrata\u00e7\u00f5es, dois da categoria de base que s\u00e3o titulares e nada de padr\u00e3o de jogo no Palmeiras"},"605079":{"titulo":"'Se a gente perder e prejudicar o Vasco, ficaremos felizes', diz Vinicius, do Flu","link":"https:\/\/www.futebolinterior.com.br\/se-a-gente-perder-e-prejudicar-o-vasco-ficaremos-felizes-diz-vinicius-do-flu\/","chapeu":"RIVALIDADE","data":"03\/11\/2015","imagem":"https:\/\/images.futebolinterior.com.br\/2021\/04\/0002050125520_img-300x169.jpg","resumo":"Ava\u00ed e Figueirense, dois times que brigam contra o rebaixamento, s\u00e3o os pr\u00f3ximos advers\u00e1rios do Tricolor Carioca"},"605081":{"titulo":"Para Bruno Rodrigo, vit\u00f3ria sobre o S\u00e3o Paulo pode botar Cruzeiro na briga por G4","link":"https:\/\/www.futebolinterior.com.br\/para-bruno-rodrigo-vitoria-sobre-o-sao-paulo-pode-botar-cruzeiro-na-briga-por-g4\/","chapeu":"VAI QUE D\u00c1!","data":"03\/11\/2015","imagem":"https:\/\/images.futebolinterior.com.br\/2021\/04\/0002050125518_img-300x169.jpg","resumo":"A Raposa est\u00e1 na d\u00e9cima coloca\u00e7\u00e3o do Campeonato Brasileiro, com 45 pontos, oito atr\u00e1s do Santos"},"605091":{"titulo":"CBF n\u00e3o muda tabela e Corinthians pode ser campe\u00e3o pela TV","link":"https:\/\/www.futebolinterior.com.br\/cbf-nao-muda-tabela-e-corinthians-pode-ser-campeao-pela-tv\/","chapeu":"VAI MANTER!","data":"03\/11\/2015","imagem":"https:\/\/images.futebolinterior.com.br\/2021\/04\/0002050125516_img-300x169.jpg","resumo":"O jogo entre Corinthians e Coritiba, pela 34.\u00aa rodada do Campeonato Brasileiro, est\u00e1 mantido para s\u00e1bado, \u00e0s 19h30, no Itaquer\u00e3o"},"605085":{"titulo":"Marin d\u00e1 R$ 56 milh\u00f5es e apartamento para ficar em pris\u00e3o domiciliar nos EUA","link":"https:\/\/www.futebolinterior.com.br\/marin-da-r-56-milhoes-e-apartamento-para-ficar-em-prisao-domiciliar-nos-eua\/","chapeu":"T\u00c1 F\u00c1CIL","data":"03\/11\/2015","imagem":"https:\/\/images.futebolinterior.com.br\/2021\/04\/0002050125515_img-300x202.jpg","resumo":""},"605089":{"titulo":"Em meio a situa\u00e7\u00e3o delicada do Vasco, Eder Luis celebra volta aos gramados","link":"https:\/\/www.futebolinterior.com.br\/em-meio-a-situacao-delicada-do-vasco-eder-luis-celebra-volta-aos-gramados\/","chapeu":"CELEBROU","data":"03\/11\/2015","imagem":"https:\/\/images.futebolinterior.com.br\/2021\/04\/0002050125513_img-300x187.jpg","resumo":"Contratado do Vasco para tentar tirar a equipe da p\u00e9ssima fase que j\u00e1 vivia no meio do ano. \u00c9der Luis, no entanto, se machucou ap\u00f3s dois jogos"},"605113":{"titulo":"Com tr\u00eas suspensos, Dorival escala o Santos com Paulo Ricardo e Chiquinho","link":"https:\/\/www.futebolinterior.com.br\/com-tres-suspensos-dorival-escala-o-santos-com-paulo-ricardo-e-chiquinho\/","chapeu":"NOVIDADES POR A\u00cd!","data":"03\/11\/2015","imagem":"https:\/\/images.futebolinterior.com.br\/2021\/04\/0002050125500_img-300x169.jpg","resumo":"O lateral-direito Victor Ferraz, machucado, tamb\u00e9m continua fora"}}