{"643732":{"titulo":"Atl\u00e9tico-PR x Figueirense - Fucar\u00e3o se manter\u00e1 na lideran\u00e7a?","link":"https:\/\/www.futebolinterior.com.br\/atletico-pr-x-figueirense-fucarao-se-mantera-na-lideranca\/","chapeu":"DEFESA DA LIDERAN\u00c7A!","data":"02\/06\/2015","imagem":"https:\/\/images.futebolinterior.com.br\/2021\/04\/0002050084295_img-300x208.jpg","resumo":"O Furac\u00e3o recebe o Figueira na Arena da Baixada, nesta quarta, \u00e0s 19h30, para permanecer na lideran\u00e7a"},"643761":{"titulo":"Presidente do Santos promete 'lutar at\u00e9 o fim' para ter Ganso de volta","link":"https:\/\/www.futebolinterior.com.br\/presidente-do-santos-promete-lutar-ate-o-fim-para-ter-ganso-de-volta\/","chapeu":"INSISTENTE!","data":"02\/06\/2015","imagem":"https:\/\/images.futebolinterior.com.br\/2021\/04\/0002050084268_img.jpg","resumo":"Diante da negativa de Carlos Miguel Aidar, presidente do S\u00e3o Paulo, em negociar o meia, o dirigente acha o neg\u00f3cio dif\u00edcil neste momento, mas promete retom\u00e1-lo futuramente"},"643750":{"titulo":"Ava\u00ed x Atl\u00e9tico-MG - Apenas um vai ficar na parte de cima...","link":"https:\/\/www.futebolinterior.com.br\/avai-x-atletico-mg-apenas-um-vai-ficar-na-parte-de-cima\/","chapeu":"EQUIL\u00cdBRIO","data":"02\/06\/2015","imagem":"https:\/\/images.futebolinterior.com.br\/2021\/04\/0002050084264_img-300x200.jpg","resumo":"Os dois times tiveram um bom come\u00e7o de Brasileir\u00e3o"},"643756":{"titulo":"Chapecoense x Joinville - Campe\u00e3o estadual enfrenta rival para n\u00e3o se afundar na crise","link":"https:\/\/www.futebolinterior.com.br\/chapecoense-x-joinville-campeao-estadual-enfrenta-rival-para-nao-se-afundar-na-crise\/","chapeu":"QUEM LEVA?","data":"02\/06\/2015","imagem":"https:\/\/images.futebolinterior.com.br\/2021\/04\/0002050084263_img-300x156.jpg","resumo":"O Joinville espera, nesta quarta-feira, finalmente uma reviravolta na S\u00e9rie A do Campeonato, contra um velho conhecido"},"643774":{"titulo":"Presidente do S\u00e3o Paulo defende contrato com fornecedor de material esportivo","link":"https:\/\/www.futebolinterior.com.br\/presidente-do-sao-paulo-defende-contrato-com-fornecedor-de-material-esportivo\/","chapeu":"FALA PRESIDA!","data":"02\/06\/2015","imagem":"https:\/\/images.futebolinterior.com.br\/2021\/04\/0002050084245_img-300x169.jpg","resumo":"Em maio, o Tricolor come\u00e7ou o v\u00ednculo de cinco anos com a Under Armour"},"643780":{"titulo":"Mesmo com dores, Gerson deve refor\u00e7ar Fluminense contra o Coritiba","link":"https:\/\/www.futebolinterior.com.br\/mesmo-com-dores-gerson-deve-reforcar-fluminense-contra-o-coritiba\/","chapeu":"VAI PRO JOGO?","data":"02\/06\/2015","imagem":"https:\/\/images.futebolinterior.com.br\/2021\/04\/0002050084244_img-300x176.jpg","resumo":"O jogador sofreu uma pancada na coxa na partida diante do Flamengo"},"643776":{"titulo":"Doriva confirma goleiro Jordi e retorno de Dagoberto no Vasco","link":"https:\/\/www.futebolinterior.com.br\/doriva-confirma-goleiro-jordi-e-retorno-de-dagoberto-no-vasco\/","chapeu":"TUDO PRONTO!","data":"02\/06\/2015","imagem":"https:\/\/images.futebolinterior.com.br\/2021\/04\/0002050084238_img-300x146.jpg","resumo":" Riascos, rec\u00e9m-contratado junto ao Cruzeiro, voltar\u00e1 para o banco de reservas"},"643787":{"titulo":"Homem de confian\u00e7a do t\u00e9cnico Argel, Marquinhos mira pontos na Arena da Baixada","link":"https:\/\/www.futebolinterior.com.br\/homem-de-confianca-do-tecnico-argel-marquinhos-mira-pontos-na-arena-da-baixada\/","chapeu":"UM ANO INVICTO!","data":"02\/06\/2015","imagem":"https:\/\/images.futebolinterior.com.br\/2021\/04\/0002050084221_img-300x169.jpg","resumo":"H\u00e1 um ano sem perder dentro do Orlando Scarpelli, o zagueiro Marquinhos, homem de confian\u00e7a do t\u00e9cnico Argel, est\u00e1 entre os titulares nesta quarta diante do Atl\u00e9tico-PR"},"643793":{"titulo":"Tem \"parceiro\" interessado em bancar sal\u00e1rio de Valdivia no Palmeiras","link":"https:\/\/www.futebolinterior.com.br\/tem-parceiro-interessado-em-bancar-salario-de-valdivia-no-palmeiras\/","chapeu":"ENTENDA!","data":"02\/06\/2015","imagem":"https:\/\/images.futebolinterior.com.br\/2021\/04\/0002050084216_img-300x242.jpg","resumo":"Os\u00f3rio Furlan Junior tem interesse na perman\u00eancia do Mago para uma poss\u00edvel venda futura"},"643829":{"titulo":"Gr\u00eamio x Corinthians \u2013 Tricolor quer aproveitar Tim\u00e3o em crise para colar no G4","link":"https:\/\/www.futebolinterior.com.br\/gremio-x-corinthians-tricolor-quer-aproveitar-timao-em-crise-para-colar-no-g4\/","chapeu":"OPOSTOS EM CAMPO!","data":"02\/06\/2015","imagem":"https:\/\/images.futebolinterior.com.br\/2021\/04\/0002050084174_img-300x169.jpg","resumo":"Corinthians quem est\u00e1 melhor, j\u00e1 que est\u00e1 mais pr\u00f3ximo ao G4. Com esse cen\u00e1rio oposto, os dois times se enfrentam nesta quarta-feira, \u00e0s 22 horas, na Arena do Gr\u00eamio, pela 5\u00aa rodad"}}