{"643870":{"titulo":"S\u00e3o Paulo x Santos \u2013 O adeus a Milton Cruz em um San-S\u00e3o","link":"https:\/\/www.futebolinterior.com.br\/sao-paulo-x-santos-o-adeus-a-milton-cruz-em-um-san-sao\/","chapeu":"BYE BYE","data":"02\/06\/2015","imagem":"https:\/\/images.futebolinterior.com.br\/2021\/04\/0002050084150_img-300x180.jpg","resumo":"Apesar do carinho do torcedor e de parte da diretoria do S\u00e3o Paulo, o t\u00e9cnico Milton Cruz est\u00e1 prestes a passar o bast\u00e3o para Juan Carlos Osorio. "},"643892":{"titulo":"BRASILEIR\u00c3O: Ponte vai a S\u00e3o Janu\u00e1rio em dia de San-S\u00e3o e Tim\u00e3o leva sua crise at\u00e9 Porto Alegre","link":"https:\/\/www.futebolinterior.com.br\/brasileirao-ponte-vai-a-sao-januario-em-dia-de-san-sao-e-timao-leva-sua-crise-ate-porto-alegre\/","chapeu":"QUARTA MOVIMENTADA","data":"02\/06\/2015","imagem":"https:\/\/images.futebolinterior.com.br\/2021\/04\/0002050084131_img-300x184.jpg","resumo":"Terceira colocada, a Macaca tenta comprovar o bom momento no Rio de Janeiro. Outros tr\u00eas jogos complementam a rodada na quinta-feira"},"643795":{"titulo":"De f\u00e9rias, Benzama, astro do Real Madrid, \u00e9 flagrado com Rihanna, em Nova York","link":"https:\/\/www.futebolinterior.com.br\/de-ferias-benzama-astro-do-real-madrid-e-flagrado-com-rihanna-em-nova-york\/","chapeu":"AI SIM...","data":"02\/06\/2015","imagem":"https:\/\/images.futebolinterior.com.br\/2021\/04\/0002050084212_img-300x194.jpg","resumo":"A dupla foi fotografada jantando em um restaurante cubano"},"643805":{"titulo":"Vasco x Ponte Preta - Invicta, Macaca tenta feito hist\u00f3rico no \"caldeir\u00e3o\"","link":"https:\/\/www.futebolinterior.com.br\/vasco-x-ponte-preta-invicta-macaca-tenta-feito-historico-no-caldeirao\/","chapeu":"AGORA VAI?","data":"02\/06\/2015","imagem":"https:\/\/images.futebolinterior.com.br\/2021\/04\/0002050084204_img-300x262.jpg","resumo":"Contra o desesperado Vasco da Gama, \u00e0s 19h30, pela quinta rodada, a Macaca tenta a sua primeira vit\u00f3ria diante do advers\u00e1rio em S\u00e3o Janu\u00e1rio, em jogos v\u00e1lidos pelo Nacional"},"643826":{"titulo":"Tite muda Corinthians de novo e tira Ralf e Petros do time","link":"https:\/\/www.futebolinterior.com.br\/tite-muda-corinthians-de-novo-e-tira-ralf-e-petros-do-time\/","chapeu":"TIME MUDADO","data":"02\/06\/2015","imagem":"https:\/\/images.futebolinterior.com.br\/2021\/04\/0002050084186_img-300x300.jpg","resumo":"Em rela\u00e7\u00e3o \u00e0 equipe que perdeu por 2 a 0 para o Palmeiras, no domingo, saem Ralf e Petros para as entradas de Cristian e Mendoza."},"643837":{"titulo":"Oswaldo comanda treino s\u00f3 com reservas e devolve Nathan para time sub-20","link":"https:\/\/www.futebolinterior.com.br\/oswaldo-comanda-treino-so-com-reservas-e-devolve-nathan-para-time-sub-20\/","chapeu":"ZAGUEIRO PRETERIDO!","data":"02\/06\/2015","imagem":"https:\/\/images.futebolinterior.com.br\/2021\/04\/0002050084185_img.jpg","resumo":"O t\u00e9cnico Oswaldo de Oliveira comandou um agitado treino nesta ter\u00e7a-feira, na Academia de Futebol, onde apenas os jogadores considerados reservas foram a campo. "},"643831":{"titulo":"Em nota, CBF diz que decis\u00e3o de Blatter tem \"car\u00e1ter pessoal\"","link":"https:\/\/www.futebolinterior.com.br\/em-nota-cbf-diz-que-decisao-de-blatter-tem-carater-pessoal\/","chapeu":"SER\u00c1?","data":"02\/06\/2015","imagem":"https:\/\/images.futebolinterior.com.br\/2021\/04\/0002050084183_img-300x197.jpg","resumo":"Para a CBF, a postura adotada pelo dirigente su\u00ed\u00e7o tem \"car\u00e1ter pessoal\""},"643824":{"titulo":"Em despedida do Cruzeiro, Marcelo Oliveira evita cr\u00edticas \u00e0 diretoria","link":"https:\/\/www.futebolinterior.com.br\/em-despedida-do-cruzeiro-marcelo-oliveira-evita-criticas-a-diretoria\/","chapeu":"ADEUS!","data":"02\/06\/2015","imagem":"https:\/\/images.futebolinterior.com.br\/2021\/04\/0002050084179_img-300x205.jpg","resumo":"O treinador \u00e9 cotado para assumir o comando do Palmeiras em caso de sa\u00edda de Oswaldo de Oliveira"},"643816":{"titulo":"Keirrison fica pr\u00f3ximo do Ava\u00ed","link":"https:\/\/www.futebolinterior.com.br\/keirrison-fica-proximo-do-avai\/","chapeu":"QUASE L\u00c1","data":"02\/06\/2015","imagem":"https:\/\/images.futebolinterior.com.br\/2021\/04\/0002050084178_img-300x178.jpg","resumo":"Sem espa\u00e7o com Marquinhos Santos, o jogador tem contrato com o Coritiba at\u00e9 o fim de 2017 e seria emprestado ao Le\u00e3o da Ilha"},"643833":{"titulo":"Cruzeiro age r\u00e1pido e contrata Luxemburgo para substituir Marcelo Oliveira","link":"https:\/\/www.futebolinterior.com.br\/cruzeiro-age-rapido-e-contrata-luxemburgo-para-substituir-marcelo-oliveira\/","chapeu":"POXETO NOVO!","data":"02\/06\/2015","imagem":"https:\/\/images.futebolinterior.com.br\/2021\/04\/0002050084173_img-300x200.jpg","resumo":"O Cruzeiro agiu r\u00e1pido e poucas horas ap\u00f3s demitir Marcelo Oliveira contratou Vanderlei Luxemburgo para o restante da temporada. O comandante j\u00e1 teve uma passagem"}}