{"643640":{"titulo":"Fique em evid\u00eancia no Brasil mesmo trabalhando no exterior! Venha para o Grande \u00c1rea!","link":"https:\/\/www.futebolinterior.com.br\/fique-em-evidencia-no-brasil-mesmo-trabalhando-no-exterior-venha-para-o-grande-area\/","chapeu":"QUE CHANCE!","data":"03\/06\/2015","imagem":"https:\/\/images.futebolinterior.com.br\/2021\/04\/0002050084394_img.jpg","resumo":"Tenha not\u00edcias e seu curr\u00edculo divulgados nos sites Grande \u00c1rea e Futebol Interior"},"643650":{"titulo":"Breno Lopes ganha vaga do suspenso Giovanni na lateral do Fluminense","link":"https:\/\/www.futebolinterior.com.br\/breno-lopes-ganha-vaga-do-suspenso-giovanni-na-lateral-do-fluminense\/","chapeu":"MUDAN\u00c7A!","data":"03\/06\/2015","imagem":"https:\/\/images.futebolinterior.com.br\/2021\/04\/0002050084391_img-300x169.jpg","resumo":"O elenco do Fluminense realizou na manh\u00e3 desta quarta-feira o \u00faltimo treino de prepara\u00e7\u00e3o para o jogo desta quinta contra o Coritiba, \u00e0s 16 horas, no Maracan\u00e3, pelo Campeonato Bras"},"643648":{"titulo":"S\u00e9rie B: Na degola, Oeste anuncia contrata\u00e7\u00e3o de Weldinho do Palmeiras","link":"https:\/\/www.futebolinterior.com.br\/serie-b-na-degola-oeste-anuncia-contratacao-de-weldinho-do-palmeiras\/","chapeu":"CARA NOVA!","data":"03\/06\/2015","imagem":"https:\/\/images.futebolinterior.com.br\/2021\/04\/0002050084373_img-218x300.jpg","resumo":"O Oeste acertou a contrata\u00e7\u00e3o de mais um refor\u00e7o para o Campeonato Brasileiro da S\u00e9rie B. Nesta quarta-feira, o time vai apresentar o lateral-direito Weldinho, do Palmeiras."},"643659":{"titulo":"Na Ressacada, Ava\u00ed tenta driblar retrospecto negativo diante do Atl\u00e9tico-MG","link":"https:\/\/www.futebolinterior.com.br\/na-ressacada-avai-tenta-driblar-retrospecto-negativo-diante-do-atletico-mg\/","chapeu":"GALO EM VANTAGEM","data":"03\/06\/2015","imagem":"https:\/\/images.futebolinterior.com.br\/2021\/04\/0002050084372_img-300x200.jpg","resumo":"Ava\u00ed e Atl\u00e9tico-MG se enfrentam nesta quarta-feira, \u00e0s 22 horas, no Est\u00e1dio da Ressacada, em Florian\u00f3polis, pela quinta rodada do Campeonato Brasileiro. As duas equipes somam"},"643661":{"titulo":"Com retrospecto caseiro negativo e tabu, Atl\u00e9tico-PR recebe o Figueirense na Arena da Baixada","link":"https:\/\/www.futebolinterior.com.br\/com-retrospecto-caseiro-negativo-e-tabu-atletico-pr-recebe-o-figueirense-na-arena-da-baixada\/","chapeu":"N\u00daMEROS!","data":"03\/06\/2015","imagem":"https:\/\/images.futebolinterior.com.br\/2021\/04\/0002050084371_img-300x208.jpg","resumo":"O Atl\u00e9tico-PR enfrenta o Figueirense nesta quarta-feira, \u00e0s 19h30, na Arena da Baixada, em Curitiba, pela quinta rodada do Campeonato Brasileiro. As duas equipes venceram na rodada"},"643667":{"titulo":"Empresa cobra R$ 1 milh\u00e3o do Santos por venda de Bruno Peres ao Torino","link":"https:\/\/www.futebolinterior.com.br\/empresa-cobra-r-1-milhao-do-santos-por-venda-de-bruno-peres-ao-torino\/","chapeu":"REI DOS CALOTES!","data":"03\/06\/2015","imagem":"https:\/\/images.futebolinterior.com.br\/2021\/04\/0002050084364_img-300x200.jpg","resumo":"Empresa cobra R$ 1 milh\u00e3o do Santos por venda de Bruno Peres ao Torino"},"643670":{"titulo":"Corinthians cresce em s\u00f3cio-torcedor e ultrapassa o Palmeiras","link":"https:\/\/www.futebolinterior.com.br\/corinthians-cresce-em-socio-torcedor-e-ultrapassa-o-palmeiras\/","chapeu":"TCHAU, TCHAU!","data":"03\/06\/2015","imagem":"https:\/\/images.futebolinterior.com.br\/2021\/04\/0002050084362_img-300x196.jpg","resumo":"O Corinthians ultrapassou o Palmeiras no n\u00famero de s\u00f3cios-torcedores. De acordo com o ranking do Movimento por um futebol melhor, o alvinegro chegou a 110.886 s\u00f3cios"},"643703":{"titulo":"Ronaldinho Ga\u00facho vai ao Rio gravar clipe, mas abre conversas com o Vasco","link":"https:\/\/www.futebolinterior.com.br\/ronaldinho-gaucho-vai-ao-rio-gravar-clipe-mas-abre-conversas-com-o-vasco\/","chapeu":"NA COLINA?","data":"03\/06\/2015","imagem":"https:\/\/images.futebolinterior.com.br\/2021\/04\/0002050084347_img-300x225.jpg","resumo":"Ronaldinho Ga\u00facho foi visto no Rio de Janeiro para gravar o clipe da m\u00fasica \u201cChover pra cima\u201d. o jogador n\u00e3o esqueceu o futebol e abriu conversas com o Vasco para o restante da tem"},"643707":{"titulo":"Coritiba contrata Esquerdinha, ex-Goi\u00e1s, e fica perto de acerto com L\u00facio Fl\u00e1vio, ex-Paran\u00e1 e Botafogo","link":"https:\/\/www.futebolinterior.com.br\/coritiba-contrata-esquerdinha-ex-goias-e-fica-perto-de-acerto-com-lucio-flavio-ex-parana-e-botafogo\/","chapeu":"REFOR\u00c7OS!","data":"03\/06\/2015","imagem":"https:\/\/images.futebolinterior.com.br\/2021\/04\/0002050084344_img-300x200.jpg","resumo":"O Coritiba est\u00e1 perto de anunciar dois refor\u00e7os para o Campeonato Brasileiro. Um deles, o meia Esquerdinha, ex-Goi\u00e1s, j\u00e1 foi aprovado nos exames m\u00e9dicos e foi confirmado pela "},"643819":{"titulo":"Cruzeiro x Flamengo - Ahhhh como este mundo d\u00e1 voltas, n\u00e3o \u00e9 \"p\u00f4fex\u00f4\"?","link":"https:\/\/www.futebolinterior.com.br\/cruzeiro-x-flamengo-ahhhh-como-este-mundo-da-voltas-nao-e-pofexo\/","chapeu":"O REENCONTRO!","data":"03\/06\/2015","imagem":"https:\/\/images.futebolinterior.com.br\/2021\/04\/0002050084339_img-300x190.jpg","resumo":"Cruzeiro faz um jogo de desesperados contra o Flamengo, pela quinta rodada do Campeonato Brasileiro. E nada melhor que o Mineir\u00e3o, em Belo Horizonte, palco dos 7 a 1."}}