{"643527":{"titulo":"Sport x Goi\u00e1s - Quem vai continuar surpreendendo no Brasileir\u00e3o?","link":"https:\/\/www.futebolinterior.com.br\/sport-x-goias-quem-vai-continuar-surpreendendo-no-brasileirao\/","chapeu":"PROMESSA DE JOG\u00c3O","data":"03\/06\/2015","imagem":"https:\/\/images.futebolinterior.com.br\/2021\/04\/0002050084473_img-300x170.jpg","resumo":"Antes apontados como candidatos ao rebaixamento para a S\u00e9rie B, Sport e Goi\u00e1s iniciaram o Campeonato Brasileiro com tudo e s\u00e3o uma das principais surpresas"},"643544":{"titulo":"Palmeiras tem retorno de Dudu e Jackson como novidade","link":"https:\/\/www.futebolinterior.com.br\/palmeiras-tem-retorno-de-dudu-e-jackson-como-novidade\/","chapeu":"MUDAN\u00c7AS","data":"03\/06\/2015","imagem":"https:\/\/images.futebolinterior.com.br\/2021\/04\/0002050084470_img-300x225.jpg","resumo":"O atacante Dudu est\u00e1 de volta ao time do Palmeiras. O jogador est\u00e1 liberado para atuar sob efeito suspensivo, ap\u00f3s a suspens\u00e3o de 180 dias por agress\u00e3o"},"643567":{"titulo":"Ap\u00f3s bronca, Oswaldo de Oliveira brinca no Palmeiras: 'S\u00f3 falo do Alecsandro quando ele estiver de verde'","link":"https:\/\/www.futebolinterior.com.br\/apos-bronca-oswaldo-de-oliveira-brinca-no-palmeiras-so-falo-do-alecsandro-quando-ele-estiver-de-verde\/","chapeu":"AI AI AI UI UI","data":"03\/06\/2015","imagem":"https:\/\/images.futebolinterior.com.br\/2021\/04\/0002050084465_img-300x219.jpg","resumo":" O Palmeiras tem o h\u00e1bito de n\u00e3o se manifestar sobre negocia\u00e7\u00f5es, mas o t\u00e9cnico Oswaldo de Oliveira quebrou o protocolo no in\u00edcio da semana e revelou que o atacante Alecsandro"},"643556":{"titulo":"Ponte Preta anuncia Schin Refri como patrocinador master no Brasileir\u00e3o","link":"https:\/\/www.futebolinterior.com.br\/ponte-preta-anuncia-schin-refri-como-patrocinador-master-no-brasileirao\/","chapeu":"OFICIALIZADO!","data":"03\/06\/2015","imagem":"https:\/\/images.futebolinterior.com.br\/2021\/04\/0002050084449_img-300x200.jpg","resumo":"Nesta quarta-feira, a Ponte Preta assinou contrato com a Schin Refri, principal marca de refrigerante da Brasil Kirin, at\u00e9 o final do Campeonato Brasileiro deste ano."},"643563":{"titulo":"Como assim? Ralf, do Corinthians, \u00e9 oferecido para o S\u00e3o Paulo","link":"https:\/\/www.futebolinterior.com.br\/como-assim-ralf-do-corinthians-e-oferecido-para-o-sao-paulo\/","chapeu":"VIRA CASACA?","data":"03\/06\/2015","imagem":"https:\/\/images.futebolinterior.com.br\/2021\/04\/0002050084445_img-300x184.jpg","resumo":" Um dos principais \u00eddolos recentes do Corinthians, o volante Ralf, de 30 anos, pode virar casaca e se transferir ao S\u00e3o Paulo."},"643590":{"titulo":"Envolvido direto na \u00faltima Copa do Mundo, Ronaldo pede ren\u00fancia de Del Nero na CBF","link":"https:\/\/www.futebolinterior.com.br\/envolvido-direto-na-ultima-copa-do-mundo-ronaldo-pede-renuncia-de-del-nero-na-cbf\/","chapeu":"HIPOCRISIA","data":"03\/06\/2015","imagem":"https:\/\/images.futebolinterior.com.br\/2021\/04\/0002050084442_img-300x189.jpg","resumo":"Em evento de um novo projeto em S\u00e3o Paulo, Ronaldo condenou a corrup\u00e7\u00e3o no futebol e se disse favor\u00e1vel \u00e0 ren\u00fancia do presidente da CBF"},"643596":{"titulo":"Aguirre surpreende e arma Inter com nove mudan\u00e7as para pegar o Palmeiras","link":"https:\/\/www.futebolinterior.com.br\/aguirre-surpreende-e-arma-inter-com-nove-mudancas-para-pegar-o-palmeiras\/","chapeu":"MIST\u00c3O?","data":"03\/06\/2015","imagem":"https:\/\/images.futebolinterior.com.br\/2021\/04\/0002050084440_img-300x206.jpg","resumo":"O t\u00e9cnico Diego Aguirre voltou a surpreender nesta quarta-feira e indicou que escalar\u00e1 um Internacional completamente diferente do esperado para o duelo diante do Palmeiras nesta"},"643573":{"titulo":"Aidar e Bandeira se re\u00fanem e Ganso pode trocar S\u00e3o Paulo por Flamengo","link":"https:\/\/www.futebolinterior.com.br\/aidar-e-bandeira-se-reunem-e-ganso-pode-trocar-sao-paulo-por-flamengo\/","chapeu":"VEM PRO MENG\u00c3O!","data":"03\/06\/2015","imagem":"https:\/\/images.futebolinterior.com.br\/2021\/04\/0002050084437_img-300x200.jpg","resumo":"O meia Paulo Henrique Ganso pode trocar o S\u00e3o Paulo pelo Flamengo. A informa\u00e7\u00e3o \u00e9 do rep\u00f3rter da R\u00e1dio Jovem Pan Wanderley Nogueira."},"643610":{"titulo":"Luxemburgo mira t\u00edtulo brasileiro no Cruzeiro e diz que trabalhar\u00e1 motiva\u00e7\u00e3o","link":"https:\/\/www.futebolinterior.com.br\/luxemburgo-mira-titulo-brasileiro-no-cruzeiro-e-diz-que-trabalhara-motivacao\/","chapeu":"PROJETO DEFINIDO","data":"03\/06\/2015","imagem":"https:\/\/images.futebolinterior.com.br\/2021\/04\/0002050084426_img-300x191.jpg","resumo":"De volta ao Cruzeiro, o t\u00e9cnico Vanderlei Luxemburgo afirmou nesta quarta-feira, durante a sua apresenta\u00e7\u00e3o oficial, que sonha alto, mesmo com o in\u00edcio ruim do time no Campeonato B"},"643632":{"titulo":"J\u00e1 est\u00e1 no ar o Box Exclusivo de T\u00e9cnicos das S\u00e9ries A, B e C do Brasileir\u00e3o","link":"https:\/\/www.futebolinterior.com.br\/ja-esta-no-ar-o-box-exclusivo-de-tecnicos-das-series-a-b-e-c-do-brasileirao\/","chapeu":"NOME A NOME!","data":"03\/06\/2015","imagem":"https:\/\/images.futebolinterior.com.br\/2021\/04\/0002050084400_img.jpg","resumo":"A cada mudan\u00e7a de treinador, a Equipe GA atualizar\u00e1 seu box"}}