{"643314":{"titulo":"Fluminense veta contrata\u00e7\u00e3o de Barrios e Teo Guti\u00e9rrez","link":"https:\/\/www.futebolinterior.com.br\/fluminense-veta-contratacao-de-barrios-e-teo-gutierrez\/","chapeu":"AQUI N\u00c3O!","data":"04\/06\/2015","imagem":"https:\/\/images.futebolinterior.com.br\/2021\/04\/0002050084677_img-300x169.jpg","resumo":"A crise financeira instalada no Tricolor impede que bons nomes cheguem nas Laranjeiras"},"643354":{"titulo":"Feliz com interesse dos \"grandes\", Biro Biro quer permanecer na Ponte","link":"https:\/\/www.futebolinterior.com.br\/feliz-com-interesse-dos-grandes-biro-biro-quer-permanecer-na-ponte\/","chapeu":"BOA NOT\u00cdCIA","data":"04\/06\/2015","imagem":"https:\/\/images.futebolinterior.com.br\/2021\/04\/0002050084647_img-300x153.jpg","resumo":"Apesar de ficar feliz com o interesse de Corinthians e Fluminense, o camisa 11 deixou claro que quer permanecer na Macaca"},"643368":{"titulo":"S\u00e9rie B: Cotado no Flamengo, atacante Douglas deve renovar com o N\u00e1utico","link":"https:\/\/www.futebolinterior.com.br\/serie-b-cotado-no-flamengo-atacante-douglas-deve-renovar-com-o-nautico\/","chapeu":"ELE FICA!","data":"04\/06\/2015","imagem":"https:\/\/images.futebolinterior.com.br\/2021\/04\/0002050084641_img-300x218.jpg","resumo":"A diretoria do Timbu tenta ampliar o v\u00ednculo com o jogador, um dos destaques do time no nacional"},"643370":{"titulo":"Hemerson Maria \u00e9 demitido do Joinville","link":"https:\/\/www.futebolinterior.com.br\/hemerson-maria-e-demitido-do-joinville\/","chapeu":"J\u00c1 ERA!","data":"04\/06\/2015","imagem":"https:\/\/images.futebolinterior.com.br\/2021\/04\/0002050084640_img-300x219.jpg","resumo":"Como esperado, o Joinville confirmou no in\u00edcio de tarde desta quinta-feira, que Hemerson Maria n\u00e3o \u00e9 mais o treinador do clube"},"643382":{"titulo":"Felip\u00e3o \u00e9 anunciado como t\u00e9cnico do Guangzhou Evergrande, da China","link":"https:\/\/www.futebolinterior.com.br\/felipao-e-anunciado-como-tecnico-do-guangzhou-evergrande-da-china\/","chapeu":"ESSA \u00c9 BOA...","data":"04\/06\/2015","imagem":"https:\/\/images.futebolinterior.com.br\/2021\/04\/0002050084635_img-300x144.jpg","resumo":"Ont\u00e9cnico Luiz Felipe Scolari j\u00e1 tem um novo clube, trata-se do Guangzhou Evergrande, da China"},"643384":{"titulo":"Vice da Ponte Preta tranquiliza torcida: \u2018N\u00e3o vamos permitir que o Caj\u00e1 saia\u2019","link":"https:\/\/www.futebolinterior.com.br\/vice-da-ponte-preta-tranquiliza-torcida-nao-vamos-permitir-que-o-caja-saia\/","chapeu":"BATEU O P\u00c9!","data":"04\/06\/2015","imagem":"https:\/\/images.futebolinterior.com.br\/2021\/04\/0002050084628_img-300x201.jpg","resumo":"Renato Caj\u00e1 \u00e9 considerado o melhor jogador do Campeonato Brasileiro at\u00e9 o momento. \u00c9 o 'maestro' da Macaca"},"643392":{"titulo":"Roger v\u00ea Gr\u00eamio motivado e exalta intensidade em vit\u00f3ria","link":"https:\/\/www.futebolinterior.com.br\/roger-ve-gremio-motivado-e-exalta-intensidade-em-vitoria\/","chapeu":"ATROPELOU!","data":"04\/06\/2015","imagem":"https:\/\/images.futebolinterior.com.br\/2021\/04\/0002050084625_img-300x192.jpg","resumo":"Com dois gols logo no in\u00edcio, a equipe minou as chances do advers\u00e1rio, e esta intensidade deixou o t\u00e9cnico Roger Machado extremamente satisfeito"},"643394":{"titulo":"Luxemburgo revela conversa com jogadores, mas dedica vit\u00f3ria a Marcelo Oliveira","link":"https:\/\/www.futebolinterior.com.br\/luxemburgo-revela-conversa-com-jogadores-mas-dedica-vitoria-a-marcelo-oliveira\/","chapeu":"PRIMEIRA VIT\u00d3RIA","data":"04\/06\/2015","imagem":"https:\/\/images.futebolinterior.com.br\/2021\/04\/0002050084624_img-300x237.jpg","resumo":"Apresentado \u00e0 tarde como novo t\u00e9cnico do Cruzeiro, Vanderlei Luxemburgo conseguiu horas depois sua primeira vit\u00f3ria neste retorno ao clube"},"643390":{"titulo":"Corinthians n\u00e3o pretende renovar com Ralf e Danilo para 2016","link":"https:\/\/www.futebolinterior.com.br\/corinthians-nao-pretende-renovar-com-ralf-e-danilo-para-2016\/","chapeu":"O \u00daLTIMO APAGUE A LUZ...","data":"04\/06\/2015","imagem":"https:\/\/images.futebolinterior.com.br\/2021\/04\/0002050084623_img-300x300.jpg","resumo":" A diretoria do Corinthians agora j\u00e1 pensa nos pr\u00f3ximos passos e outros dois atletas devem ser limados do elenco"},"643396":{"titulo":"Ponte mant\u00e9m pol\u00edtica de apostas e contrata jovem Giovanny, ex-Corinthians","link":"https:\/\/www.futebolinterior.com.br\/ponte-mantem-politica-de-apostas-e-contrata-jovem-giovanny-ex-corinthians\/","chapeu":"APOSTA","data":"04\/06\/2015","imagem":"https:\/\/images.futebolinterior.com.br\/2021\/04\/0002050084621_img-300x199.jpg","resumo":"Giovanny sequer entrou em campo pelo Guar\u00e1 na S\u00e9rie C. As conversas com a Ponte foram produtivas e rapidamente o jogador chegou \u00e0 Campinas"}}