{"643246":{"titulo":"Marquinhos Santos, t\u00e9cnico do Coritiba, exalta estreia do Pi\u00e1 do Couto contra o Fluminense","link":"https:\/\/www.futebolinterior.com.br\/marquinhos-santos-tecnico-do-coritiba-exalta-estreia-do-pia-do-couto-contra-o-fluminense\/","chapeu":"FALA PROFESSOR!","data":"04\/06\/2015","imagem":"https:\/\/images.futebolinterior.com.br\/2021\/04\/0002050084738_img-300x179.jpg","resumo":"Nesta semana, o jogador renovou contrato com o Coxa por quatro anos."},"643248":{"titulo":"Atacante Marcos Junior volta a marcar e cita Rom\u00e1rio na vit\u00f3ria do Fluminense","link":"https:\/\/www.futebolinterior.com.br\/atacante-marcos-junior-volta-a-marcar-e-cita-romario-na-vitoria-do-fluminense\/","chapeu":"OLHA ELE A\u00cd!","data":"04\/06\/2015","imagem":"https:\/\/images.futebolinterior.com.br\/2021\/04\/0002050084737_img-300x177.jpg","resumo":"O jogador n\u00e3o balan\u00e7ava as redes desde mar\u00e7o do ano passado"},"643857":{"titulo":"ENQUETE FI: Internauta elege o novo presidente da FIFA... \u00e9 o \"seu\" Waldemar!","link":"https:\/\/www.futebolinterior.com.br\/enquete-fi-internauta-elege-o-novo-presidente-da-fifa-e-o-seu-waldemar\/","chapeu":"AH, AH, FORA WALDEMAR!","data":"04\/06\/2015","imagem":0,"resumo":"O novo presidente da FIFA \u00e9 o Senhor Waldemar. Isso pelo menos de acordo com o internauta do Futebol Interior, que participou da enquete e escolheu o treinador, irm\u00e3o do Osvaldo "},"643262":{"titulo":"Ap\u00f3s tentar Ganso e Elias, Flamengo mira Everton Ribeiro","link":"https:\/\/www.futebolinterior.com.br\/apos-tentar-ganso-e-elias-flamengo-mira-everton-ribeiro\/","chapeu":"VEM PRA G\u00c1VEA?","data":"04\/06\/2015","imagem":"https:\/\/images.futebolinterior.com.br\/2021\/04\/0002050084734_img-300x169.jpg","resumo":"O jogador est\u00e1 insatisfeito no Al-Ahli, dos Emirados \u00c1rabes, e pode parar no Meng\u00e3o"},"643254":{"titulo":"Santos analisa treinadores e coloca Guto Ferreira como plano A","link":"https:\/\/www.futebolinterior.com.br\/santos-analisa-treinadores-e-coloca-guto-ferreira-como-plano-a\/","chapeu":"SER\u00c1 QUE VAI?","data":"04\/06\/2015","imagem":"https:\/\/images.futebolinterior.com.br\/2021\/04\/0002050084733_img-300x153.jpg","resumo":"Pensando em \"rebaixar\" Marcelo Fernandes novamente como auxiliar, o Santos estaria analisando alguns treinadores e Guto Ferreira surge como o principal nome"},"643274":{"titulo":"Delfim Peixoto amea\u00e7a ir \u00e0 Justi\u00e7a contra Del Nero","link":"https:\/\/www.futebolinterior.com.br\/delfim-peixoto-ameaca-ir-a-justica-contra-del-nero\/","chapeu":"POL\u00caMICA","data":"04\/06\/2015","imagem":"https:\/\/images.futebolinterior.com.br\/2021\/04\/0002050084728_img.jpg","resumo":"Ele est\u00e1 revoltado com a proposta de alterar o artigo que garante ao vice-presidente mais velho o direito de assumir o comando caso o presidente deixe o cargo"},"643307":{"titulo":"Fluminense 2 x 0 Coritiba - O Tricolor vai te pegar!","link":"https:\/\/www.futebolinterior.com.br\/fluminense-2-x-0-coritiba-o-tricolor-vai-te-pegar\/","chapeu":"CHEGANDO!","data":"04\/06\/2015","imagem":0,"resumo":"O clube carioca venceu com gols de Vin\u00edcius e Marcos J\u00fanior"},"643281":{"titulo":"Santos encaminha empr\u00e9stimo de zagueiro Jubal para o Ava\u00ed","link":"https:\/\/www.futebolinterior.com.br\/santos-encaminha-emprestimo-de-zagueiro-jubal-para-o-avai\/","chapeu":"MUITO PERTO!","data":"04\/06\/2015","imagem":"https:\/\/images.futebolinterior.com.br\/2021\/04\/0002050084705_img-300x200.jpg","resumo":"O jogador deve assinar com o Le\u00e3o at\u00e9 o final do Campeonato Brasileiro"},"643293":{"titulo":"Corinthians despenca e S\u00e3o Paulo entra no G4 do Brasileir\u00e3o","link":"https:\/\/www.futebolinterior.com.br\/corinthians-despenca-e-sao-paulo-entra-no-g4-do-brasileirao\/","chapeu":"OPINI\u00c3O","data":"04\/06\/2015","imagem":"https:\/\/images.futebolinterior.com.br\/2021\/04\/0002050084699_img-300x199.png","resumo":"Agora, nem Tite \u00e9 t\u00e3o bom ou o \"melhor t\u00e9cnico do Pa\u00eds\" nem o elenco do Corinthians \u00e9 t\u00e3o bom que \"poderia disputar a Champion League\", como fez quest\u00e3o de dizer Neto"},"643297":{"titulo":"S\u00e3o Paulo est\u00e1 perto de anunciar lateral Julio Buffarini do San Lorenzo","link":"https:\/\/www.futebolinterior.com.br\/sao-paulo-esta-perto-de-anunciar-lateral-julio-buffarini-do-san-lorenzo\/","chapeu":"QUASE L\u00c1!","data":"04\/06\/2015","imagem":"https:\/\/images.futebolinterior.com.br\/2021\/04\/0002050084695_img-300x179.jpg","resumo":"O jogador, indicado por Osorio, j\u00e1 teria se despedido do clube argentino para fechar com o Tricolor"}}