{"643401":{"titulo":"Crist\u00f3v\u00e3o lamenta nova derrota, mas exalta 'esp\u00edrito' do Flamengo","link":"https:\/\/www.futebolinterior.com.br\/cristovao-lamenta-nova-derrota-mas-exalta-espirito-do-flamengo\/","chapeu":"PACI\u00caNCIA AT\u00c9 QUANDO?","data":"04\/06\/2015","imagem":"https:\/\/images.futebolinterior.com.br\/2021\/04\/0002050084618_img-300x194.jpg","resumo":"O t\u00e9cnico Crist\u00f3v\u00e3o Borges viu evolu\u00e7\u00e3o na forma de atuar de seus comandados, mesmo ap\u00f3s a derrota"},"643399":{"titulo":"Gremio reintegra Leandro Canhoto e o volante Edinho","link":"https:\/\/www.futebolinterior.com.br\/gremio-reintegra-leandro-canhoto-e-o-volante-edinho\/","chapeu":"REINTEGRADO","data":"04\/06\/2015","imagem":"https:\/\/images.futebolinterior.com.br\/2021\/04\/0002050084617_img-295x300.jpg","resumo":"A diretoria confirmou o retorno do jovem meia Leandro Canhoto e do volante Edinho, ao grupo principal."},"643410":{"titulo":"Levir elogia regularidade do Atl\u00e9tico-MG em goleada: 'Gostei muito'","link":"https:\/\/www.futebolinterior.com.br\/levir-elogia-regularidade-do-atletico-mg-em-goleada-gostei-muito\/","chapeu":"CANDIDATO AO T\u00cdTULO","data":"04\/06\/2015","imagem":"https:\/\/images.futebolinterior.com.br\/2021\/04\/0002050084614_img-300x208.jpg","resumo":"Galo venceu o Le\u00e3o, por 4 a 1, na Ressacada, sem grandes dificuldades"},"643416":{"titulo":"Marcelo Fernandes se irrita e garante: 'O Santos n\u00e3o se resume a Robinho'","link":"https:\/\/www.futebolinterior.com.br\/marcelo-fernandes-se-irrita-e-garante-o-santos-nao-se-resume-a-robinho\/","chapeu":"NA BRONCA....","data":"04\/06\/2015","imagem":"https:\/\/images.futebolinterior.com.br\/2021\/04\/0002050084607_img-300x206.jpg","resumo":"O Santos perdeu o cl\u00e1ssico para o S\u00e3o Paulo por 3 a 2, nesta quarta-feira, no Morumbi, no primeiro jogo da equipe no Brasileir\u00e3o sem poder contar com Robinho"},"643424":{"titulo":"Cobi\u00e7ado pelo Flamengo, Ganso diz: 'O S\u00e3o Paulo \u00e9 que decide se eu fico'","link":"https:\/\/www.futebolinterior.com.br\/cobicado-pelo-flamengo-ganso-diz-o-sao-paulo-e-que-decide-se-eu-fico\/","chapeu":"SER\u00c1?","data":"04\/06\/2015","imagem":"https:\/\/images.futebolinterior.com.br\/2021\/04\/0002050084605_img-300x172.jpg","resumo":"Dias depois do Santos tentar contratar por empr\u00e9stimo o meia Ganso, do S\u00e3o Paulo, foi a vez do Flamengo querer acertar com o jogador, mas em definitivo"},"643420":{"titulo":"Hemerson Maria deve ser demitido do Joinville nesta quinta-feira","link":"https:\/\/www.futebolinterior.com.br\/hemerson-maria-deve-ser-demitido-do-joinville-nesta-quinta-feira\/","chapeu":"DE SA\u00cdDA!","data":"04\/06\/2015","imagem":"https:\/\/images.futebolinterior.com.br\/2021\/04\/0002050084603_img-300x219.jpg","resumo":"A situa\u00e7\u00e3o do t\u00e9cnico Hemerson Maria (foto), no comando do Joinville, \u00e9 praticamente insustent\u00e1vel."},"643426":{"titulo":"Doriva afirmou ter respaldo da diretoria e seguir\u00e1 no clube","link":"https:\/\/www.futebolinterior.com.br\/doriva-afirmou-ter-respaldo-da-diretoria-e-seguira-no-clube\/","chapeu":"FICA!","data":"04\/06\/2015","imagem":"https:\/\/images.futebolinterior.com.br\/2021\/04\/0002050084602_img-300x198.jpg","resumo":"O t\u00e9cnico Doriva n\u00e3o teve como explicar a p\u00e9ssima atua\u00e7\u00e3o do seu time e garantiu que ficar\u00e1 no comando da equipe"},"643434":{"titulo":"Agora n\u00e3o \u00e9 especula\u00e7\u00e3o: Flamengo quer mesmo levar para G\u00e1vea o meia Ganso do S\u00e3o Paulo","link":"https:\/\/www.futebolinterior.com.br\/agora-nao-e-especulacao-flamengo-quer-mesmo-levar-para-gavea-o-meia-ganso-do-sao-paulo\/","chapeu":"DO MORUMBA PARA A G\u00c1VEA","data":"04\/06\/2015","imagem":"https:\/\/images.futebolinterior.com.br\/2021\/04\/0002050084596_img-300x189.jpg","resumo":"O time paulista s\u00f3 aceita liberar o jogador por R$ 20 milh\u00f5es, valor que corresponde aos 32% dos direitos econ\u00f4micos do camisa 10. "},"643447":{"titulo":"Rog\u00e9rio Ceni critica marketing do S\u00e3o Paulo e diz que fica para \"jogar e n\u00e3o brincar\"","link":"https:\/\/www.futebolinterior.com.br\/rogerio-ceni-critica-marketing-do-sao-paulo-e-diz-que-fica-para-jogar-e-nao-brincar\/","chapeu":"N\u00c3O DE ALMOCINHO...","data":"04\/06\/2015","imagem":"https:\/\/images.futebolinterior.com.br\/2021\/04\/0002050084592_img-226x300.jpg","resumo":"Com contrato at\u00e9 agosto, o jogador de 42 anos criticou a proposta do clube de associar a sua renova\u00e7\u00e3o de contrato \u00e0 a\u00e7\u00f5es de marketing e prometeu decidir em breve se vai prolongar"},"643439":{"titulo":"Zagueiro Paulo Miranda, do S\u00e3o Paulo, vira artilheiro de cl\u00e1ssico e agrada ao t\u00e9cnico interino","link":"https:\/\/www.futebolinterior.com.br\/zagueiro-paulo-miranda-do-sao-paulo-vira-artilheiro-de-classico-e-agrada-ao-tecnico-interino\/","chapeu":"FOI BEM!","data":"04\/06\/2015","imagem":"https:\/\/images.futebolinterior.com.br\/2021\/04\/0002050084590_img-300x187.png","resumo":"Paulo Miranda recebeu nova chance de Milton Cruz e foi bem. Agora espera ter agradado o novo comandante da equipe para seguir titular"}}