{"643162":{"titulo":"Rafael Marques lamenta empate do Palmeiras ap\u00f3s vantagem sobre o Internacional: \u201cFizemos um bom primeiro tempo\u201d","link":"https:\/\/www.futebolinterior.com.br\/rafael-marques-lamenta-empate-do-palmeiras-apos-vantagem-sobre-o-internacional-fizemos-um-bom-primeiro-tempo\/","chapeu":"N\u00c3O CURTIU!","data":"04\/06\/2015","imagem":"https:\/\/images.futebolinterior.com.br\/2021\/04\/0002050084826_img-300x224.jpg","resumo":"O Palmeiras foi melhor que o Inter, teve mais posse de bola, criou mais chances de gol, mas mesmo assim n\u00e3o saiu de campo com a vit\u00f3ria. Ap\u00f3s o empate por 1 a 1 em sua casa, pela 5"},"643173":{"titulo":"Sele\u00e7\u00e3o FI da 5\u00aa rodada do Brasileir\u00e3o com destaques do G4 e ataque veloz","link":"https:\/\/www.futebolinterior.com.br\/selecao-fi-da-5a-rodada-do-brasileirao-com-destaques-do-g4-e-ataque-veloz\/","chapeu":"QUEM SEGURA?","data":"04\/06\/2015","imagem":"https:\/\/images.futebolinterior.com.br\/2021\/04\/0002050084808_img-300x208.jpg","resumo":"Com o fim da 5\u00aa rodada do Campeonato Brasileiro, o Portal Futebol Interior selecionou os jogadores que mais se destacaram na rodada para montar a Sele\u00e7\u00e3o FI. Atl\u00e9tico-PR, Ponte Pre"},"643178":{"titulo":"BRASILEIR\u00c3O: Sport leva duelo de invictos, Palmeiras trope\u00e7a de novo em casa e Flu afunda o Coxa","link":"https:\/\/www.futebolinterior.com.br\/brasileirao-sport-leva-duelo-de-invictos-palmeiras-tropeca-de-novo-em-casa-e-flu-afunda-o-coxa\/","chapeu":"FINAL DE RODADA","data":"04\/06\/2015","imagem":"https:\/\/images.futebolinterior.com.br\/2021\/04\/0002050084798_img-300x208.jpg","resumo":"O fechamento da quinta rodada do Campeonato Brasileiro, na noite desta quinta-feira, trouxe emo\u00e7\u00e3o para alguns, muita tristeza para outros e mais um vacilo do Palmeiras"},"643187":{"titulo":"Sport 1 x 0 Goi\u00e1s \u2013 Le\u00e3o acredita at\u00e9 o fim e \u00e9 coroado com gol de Maikon Leite","link":"https:\/\/www.futebolinterior.com.br\/sport-1-x-0-goias-leao-acredita-ate-o-fim-e-e-coroado-com-gol-de-maikon-leite\/","chapeu":"TUDO IGUAL","data":"04\/06\/2015","imagem":0,"resumo":"No duelo de invictos do Brasileir\u00e3o, deu empate. No fechamento da quinta rodada, na noite desta quinta-feira, Sport e Goi\u00e1s n\u00e3o sa\u00edram do 0 a 0"},"643185":{"titulo":"Palmeiras 1 x 1 Internacional \u2013 Verd\u00e3o desperdi\u00e7a chances e segue sem vencer em casa","link":"https:\/\/www.futebolinterior.com.br\/palmeiras-1-x-1-internacional-verdao-desperdica-chances-e-segue-sem-vencer-em-casa\/","chapeu":"AINDA N\u00c3O...","data":"04\/06\/2015","imagem":0,"resumo":"N\u00e3o foi dessa vez que o Palmeiras venceu a primeira em seu est\u00e1dio neste Campeonato Brasileiro. Pela 5\u00aa rodada, o Verd\u00e3o recebeu o Internacional em sua Arena e ficou no 1 a 1."},"643189":{"titulo":"Osorio \u00e9 regularizado, j\u00e1 comanda treino e vai dirigir S\u00e3o Paulo contra o Gr\u00eamio. Veja v\u00eddeo sobre San-S\u00e3o!","link":"https:\/\/www.futebolinterior.com.br\/osorio-e-regularizado-ja-comanda-treino-e-vai-dirigir-sao-paulo-contra-o-gremio-veja-video-sobre-san-sao\/","chapeu":"BEM \u00c0 VONTADE","data":"04\/06\/2015","imagem":0,"resumo":"No Centro de Treinamento da Barra Funda, o treinador iniciou a prepara\u00e7\u00e3o da equipe para o embate com os ga\u00fachos, que assim como San-S\u00e3o ser\u00e1 disputado no Morumbi."},"643441":{"titulo":"Milton Mendes diz que jogadores do l\u00edder Atl\u00e9tico-PR aplicaram bem a estrat\u00e9gia contra o Figueirense. Veja o v\u00eddeo!","link":"https:\/\/www.futebolinterior.com.br\/milton-mendes-diz-que-jogadores-do-lider-atletico-pr-aplicaram-bem-a-estrategia-contra-o-figueirense-veja-o-video\/","chapeu":"L\u00cdDER ELOGIA TIME","data":"04\/06\/2015","imagem":0,"resumo":"\"Estamos muito felizes pela vit\u00f3ria\", disse o t\u00e9cnico Milton Mendes, ex-Ferrovi\u00e1ria de Araraquara, em entrevista ap\u00f3s o jogo. "},"643191":{"titulo":"Marquinhos do Sul rescinde com Vasco e acerta com Maca\u00e9 para S\u00e9rie B","link":"https:\/\/www.futebolinterior.com.br\/marquinhos-do-sul-rescinde-com-vasco-e-acerta-com-macae-para-serie-b\/","chapeu":"NOVA CASA!","data":"04\/06\/2015","imagem":"https:\/\/images.futebolinterior.com.br\/2021\/04\/0002050084781_img-300x200.jpg","resumo":"O atacante Marquinhos do Sul acertou rescis\u00e3o de seu contrato com o Vasco e assinou por um ano com o Maca\u00e9 para o Brasileiro da S\u00e9rie B."},"643220":{"titulo":"Deivid comanda primeiro treino do Cruzeiro de Luxemburgo","link":"https:\/\/www.futebolinterior.com.br\/deivid-comanda-primeiro-treino-do-cruzeiro-de-luxemburgo\/","chapeu":"AUXILIAR FIEL!","data":"04\/06\/2015","imagem":"https:\/\/images.futebolinterior.com.br\/2021\/04\/0002050084773_img-300x189.jpg","resumo":" Contratado na ter\u00e7a-feira e apresentado no dia do jogo contra o Flamengo, o t\u00e9cnico Vanderlei Luxemburgo teve a oportunidade, nesta quinta-feira, de comandar seu primeiro "},"643250":{"titulo":"Atacante Nilson, ex-Bragantino e S\u00e3o Bento, chega ao Santos ap\u00f3s elogios de Serginho Chulapa","link":"https:\/\/www.futebolinterior.com.br\/atacante-nilson-ex-bragantino-e-sao-bento-chega-ao-santos-apos-elogios-de-serginho-chulapa\/","chapeu":"NOVO MATADOR?","data":"04\/06\/2015","imagem":0,"resumo":"O Santos apresentou nesta quinta-feira o atacante Nilson, de 24 anos, como seu novo refor\u00e7o. "}}