{"643122":{"titulo":"Aguirre reclama de cobran\u00e7as, mas admite que o Inter precisa vencer fora de casa","link":"https:\/\/www.futebolinterior.com.br\/aguirre-reclama-de-cobrancas-mas-admite-que-o-inter-precisa-vencer-fora-de-casa\/","chapeu":"NECESSIDADE","data":"05\/06\/2015","imagem":"https:\/\/images.futebolinterior.com.br\/2021\/04\/0002050084860_img-300x169.jpg","resumo":"Ele gostou do futebol apresentado pelo time no empate com o Palmeiras, por 1 a 1, em S\u00e3o Paulo"},"643137":{"titulo":"Alexandre Mattos se irrita e garante Oswaldo '1000%' no Palmeiras","link":"https:\/\/www.futebolinterior.com.br\/alexandre-mattos-se-irrita-e-garante-oswaldo-1000-no-palmeiras\/","chapeu":"FICOU BRAVO!","data":"05\/06\/2015","imagem":"https:\/\/images.futebolinterior.com.br\/2021\/04\/0002050084848_img-300x277.jpg","resumo":"Ap\u00f3s semanas de press\u00e3o sobre o trabalho do t\u00e9cnico Oswaldo de Oliveira no Palmeiras, reuni\u00e3o p\u00fablica entre jogadores e diretoria, muita especula\u00e7\u00e3o e mais uma partida sem vencer"},"643152":{"titulo":"Ponte Preta fica em alerta pelo ass\u00e9dio a Renato Caj\u00e1 que lembra: \"Futebol \u00e9 profissionalismo\"","link":"https:\/\/www.futebolinterior.com.br\/ponte-preta-fica-em-alerta-pelo-assedio-a-renato-caja-que-lembra-futebol-e-profissionalismo\/","chapeu":"PROFISSIONALISMO","data":"05\/06\/2015","imagem":"https:\/\/images.futebolinterior.com.br\/2021\/04\/0002050084835_img.jpg","resumo":"A multa rescis\u00f3ria de R$ 5 milh\u00f5es para o mercado nacional e de R$ 10 milh\u00f5es para o exterior. A janela de transfer\u00eancia abre 14 de julho e fecha no dia 13 de agosto."},"643141":{"titulo":"Em reformula\u00e7\u00e3o, Corinthians busca Camilo, meia da Chapecoense","link":"https:\/\/www.futebolinterior.com.br\/em-reformulacao-corinthians-busca-camilo-meia-da-chapecoense\/","chapeu":"BEM MODESTO...","data":"05\/06\/2015","imagem":"https:\/\/images.futebolinterior.com.br\/2021\/04\/0002050084846_img-300x200.jpg","resumo":"Os tempos de vacas magras tamb\u00e9m atingiram o Corinthians. \u00c9 o caso de Camilo, meia da Chapecoense, que est\u00e1 sendo monitorado pelo clube paulista. "},"643143":{"titulo":"Corinthians tenta corrigir defici\u00eancias na defesa e no ataque para obter rea\u00e7\u00e3o","link":"https:\/\/www.futebolinterior.com.br\/corinthians-tenta-corrigir-deficiencias-na-defesa-e-no-ataque-para-obter-reacao\/","chapeu":"ARRUMA AI!","data":"05\/06\/2015","imagem":"https:\/\/images.futebolinterior.com.br\/2021\/04\/0002050084845_img-300x200.jpg","resumo":"A derrota para o Gr\u00eamio, na \u00faltima quarta-feira, em Porto Alegre, exp\u00f4s ainda mais as defici\u00eancias do Corinthians. Os problemas da equipe n\u00e3o se restringem apenas ao ataque, que pe"},"643145":{"titulo":"Osorio come\u00e7a a implantar seu estilo no S\u00e3o Paulo e estreia neste s\u00e1bado em casa","link":"https:\/\/www.futebolinterior.com.br\/osorio-comeca-a-implantar-seu-estilo-no-sao-paulo-e-estreia-neste-sabado-em-casa\/","chapeu":"CANETA NA M\u00c3O...","data":"05\/06\/2015","imagem":"https:\/\/images.futebolinterior.com.br\/2021\/04\/0002050084844_img-300x186.png","resumo":"O novo t\u00e9cnico do S\u00e3o Paulo, Juan Carlos Osorio, come\u00e7a nesta sexta-feira a implantar efetivamente o seu estilo no clube. Pela primeira vez o colombiano vai comandar um trabalho t\u00e1"},"643175":{"titulo":"Rog\u00e9rio Ceni, mito do S\u00e3o Paulo, faz mais um e iguala dois recordes de ex-\u00eddolo na d\u00e9cada de 90","link":"https:\/\/www.futebolinterior.com.br\/rogerio-ceni-mito-do-sao-paulo-faz-mais-um-e-iguala-dois-recordes-de-ex-idolo-na-decada-de-90\/","chapeu":"MITO IGUALA \u00cdDOLO","data":"05\/06\/2015","imagem":0,"resumo":"Tricolor igualou um recorde hist\u00f3rico no C\u00edcero Pompeu de Toledo ao vencer a equipe da Baixada: 'empatou' com a temporada 2005 em n\u00fameros consecutivos de vit\u00f3rias, agora com 11."},"643154":{"titulo":"H\u00e9lio dos Anjos lamenta gol sofrido pelo Goi\u00e1s no final: \u201cmerec\u00edamos a vit\u00f3ria\u201d","link":"https:\/\/www.futebolinterior.com.br\/helio-dos-anjos-lamenta-gol-sofrido-pelo-goias-no-final-mereciamos-a-vitoria\/","chapeu":"UMA PENA","data":"05\/06\/2015","imagem":"https:\/\/images.futebolinterior.com.br\/2021\/04\/0002050084833_img-300x170.jpg","resumo":"O torcedor do Goi\u00e1s foi dormir com muita dor de cabe\u00e7a na noite desta quinta-feira."},"643158":{"titulo":"Inter valoriza ponto contra o Palmeiras ap\u00f3s sair atr\u00e1s no placar","link":"https:\/\/www.futebolinterior.com.br\/inter-valoriza-ponto-contra-o-palmeiras-apos-sair-atras-no-placar\/","chapeu":"DE BOM TAMANHO!","data":"04\/06\/2015","imagem":"https:\/\/images.futebolinterior.com.br\/2021\/04\/0002050084830_img-300x258.jpg","resumo":"O Inter voltou para casa nesta quinta-feira com um ponto na bagagem ap\u00f3s empatar contra o Palmeiras, por 1 a 1, na Arena do advers\u00e1rio, pela 5\u00aa rodada do Brasileir\u00e3o."},"643156":{"titulo":"T\u00e9cnico Eduardo Baptista valoriza garra do Sport e manuten\u00e7\u00e3o no G4 do Brasileir\u00e3o","link":"https:\/\/www.futebolinterior.com.br\/tecnico-eduardo-baptista-valoriza-garra-do-sport-e-manutencao-no-g4-do-brasileirao\/","chapeu":"FOI DEMAIS","data":"04\/06\/2015","imagem":"https:\/\/images.futebolinterior.com.br\/2021\/04\/0002050084829_img-300x159.jpg","resumo":" O Sport precisou suar muito para conseguir tr\u00eas pontos contra o Goi\u00e1s na noite desta quinta-feira. "}}