{"642973":{"titulo":"Eg\u00eddio entrega que Alecsandro est\u00e1 perto de ser anunciado pelo Palmeiras","link":"https:\/\/www.futebolinterior.com.br\/egidio-entrega-que-alecsandro-esta-perto-de-ser-anunciado-pelo-palmeiras\/","chapeu":"FALOU DEMAIS","data":"05\/06\/2015","imagem":"https:\/\/images.futebolinterior.com.br\/2021\/04\/0002050084972_img-300x239.jpg","resumo":"Eg\u00eddio percebeu que talvez tenha falado demais e minimizou"},"643025":{"titulo":"Opera\u00e7\u00e3o da pol\u00edcia su\u00ed\u00e7a tem Sele\u00e7\u00e3o Brasileira como alvo","link":"https:\/\/www.futebolinterior.com.br\/operacao-da-policia-suica-tem-selecao-brasileira-como-alvo\/","chapeu":"A\u00cd TEM","data":"05\/06\/2015","imagem":"https:\/\/images.futebolinterior.com.br\/2021\/04\/0002050084967_img-300x225.jpg","resumo":"A pol\u00edcia su\u00ed\u00e7a fez uma opera\u00e7\u00e3o para confiscar documentos na sede da Kentaro, empresa que entre 2006 e 2012 organizou os jogos da sele\u00e7\u00e3o em nome de investidores sauditas"},"642989":{"titulo":"Crist\u00f3v\u00e3o Borges diz respeitar protestos no Flamengo, mas tamb\u00e9m quer apoio","link":"https:\/\/www.futebolinterior.com.br\/cristovao-borges-diz-respeitar-protestos-no-flamengo-mas-tambem-quer-apoio\/","chapeu":"NORMAL","data":"05\/06\/2015","imagem":"https:\/\/images.futebolinterior.com.br\/2021\/04\/0002050084964_img-300x200.jpg","resumo":"Ap\u00f3s a manifesta\u00e7\u00e3o desta sexta-feira, alguns torcedores - integrantes de organizadas - acabaram se reunindo com o diretor executivo do Flamengo, Rodrigo Caetano"},"643061":{"titulo":"S\u00e3o Paulo fecha treino e Osorio n\u00e3o revela time da sua estreia","link":"https:\/\/www.futebolinterior.com.br\/sao-paulo-fecha-treino-e-osorio-nao-revela-time-da-sua-estreia\/","chapeu":"MIST\u00c9RIO","data":"05\/06\/2015","imagem":"https:\/\/images.futebolinterior.com.br\/2021\/04\/0002050084909_img-300x185.jpg","resumo":"Na v\u00e9spera da estrear como t\u00e9cnico do S\u00e3o Paulo, o colombiano Juan Carlos Osorio prometeu n\u00e3o fazer grandes altera\u00e7\u00f5es no time"},"643065":{"titulo":"Lesionado, Galhardo desfalca o Gr\u00eamio diante do S\u00e3o Paulo","link":"https:\/\/www.futebolinterior.com.br\/lesionado-galhardo-desfalca-o-gremio-diante-do-sao-paulo\/","chapeu":"PROBLEMA","data":"05\/06\/2015","imagem":"https:\/\/images.futebolinterior.com.br\/2021\/04\/0002050084908_img-300x225.jpg","resumo":"O lateral-direito Rafael Galhardo sentiu uma les\u00e3o muscular na coxa direita, foi vetado e sequer viaja com a delega\u00e7\u00e3o para a capital paulista"},"643086":{"titulo":"Rog\u00e9rio Ceni renova contrato com o S\u00e3o Paulo at\u00e9 o fim do ano","link":"https:\/\/www.futebolinterior.com.br\/rogerio-ceni-renova-contrato-com-o-sao-paulo-ate-o-fim-do-ano\/","chapeu":"VOV\u00d4 QUER JOGAR!","data":"05\/06\/2015","imagem":"https:\/\/images.futebolinterior.com.br\/2021\/04\/0002050084881_img-300x187.jpg","resumo":"O suspense acabou e o presidente do S\u00e3o Paulo, Carlos Miguel Aidar, anunciou nesta sexta-feira a prorroga\u00e7\u00e3o de contrato do goleiro Rog\u00e9rio Ceni at\u00e9 o fim do ano. O v\u00ednculo anterio"},"643090":{"titulo":"T\u00e9cnico da Ponte Preta, Guto Ferreira nega proposta para dirigir o Santos","link":"https:\/\/www.futebolinterior.com.br\/tecnico-da-ponte-preta-guto-ferreira-nega-proposta-para-dirigir-o-santos\/","chapeu":"AT\u00c9 AGORA!","data":"05\/06\/2015","imagem":"https:\/\/images.futebolinterior.com.br\/2021\/04\/0002050084871_img-300x206.jpg","resumo":"Guto Ferreira \u00e9 um dos, ou sen\u00e3o o principal respons\u00e1vel pela excelente campanha da Ponte Preta neste in\u00edcio de Brasileir\u00e3o"},"643150":{"titulo":"Ponte Preta vai completa contra o Santos na Vila Belmiro e o assediado Renato Caj\u00e1 garante que est\u00e1 focado","link":"https:\/\/www.futebolinterior.com.br\/ponte-preta-vai-completa-contra-o-santos-na-vila-belmiro-e-o-assediado-renato-caja-garante-que-esta-focado\/","chapeu":"MAESTRO EST\u00c1 FOCADO","data":"05\/06\/2015","imagem":"https:\/\/images.futebolinterior.com.br\/2021\/04\/0002050084839_img-259x300.jpg","resumo":"Ponte Preta \u00e9 vice-l\u00edder, com 11 pontos, e ainda invicto. A meta tra\u00e7ada pela comiss\u00e3o t\u00e9cnica est\u00e1 perto de ser atingida: levantar 15 pontos em 10 jogos."},"643100":{"titulo":"Sport confirma proposta de clube alem\u00e3o por Joelinton","link":"https:\/\/www.futebolinterior.com.br\/sport-confirma-proposta-de-clube-alemao-por-joelinton\/","chapeu":"DE SA\u00cdDA","data":"05\/06\/2015","imagem":"https:\/\/images.futebolinterior.com.br\/2021\/04\/0002050084865_img-300x206.jpg","resumo":" Destaque do Sport desde come\u00e7ou a ter chances no time profissional, ainda no Campeonato Brasileiro do ano passado, o atacante Joelinton"},"643106":{"titulo":"Clube italiano faz proposta milion\u00e1ria para tirar Centuri\u00f3n do S\u00e3o Paulo","link":"https:\/\/www.futebolinterior.com.br\/clube-italiano-faz-proposta-milionaria-para-tirar-centurion-do-sao-paulo\/","chapeu":"MUITO DINHEIRO","data":"05\/06\/2015","imagem":"https:\/\/images.futebolinterior.com.br\/2021\/04\/0002050084862_img-300x193.jpg","resumo":"Contratado no in\u00edcio do ano ap\u00f3s se destacar no t\u00edtulo argentino do Racing, o atacante Centuri\u00f3n ficou pr\u00f3ximo de deixar o S\u00e3o Paulo "}}