{"642884":{"titulo":"Gr\u00eamio contrata Lucas Ram\u00f3n do Londrina para repetir sucesso de Wendell","link":"https:\/\/www.futebolinterior.com.br\/gremio-contrata-lucas-ramon-do-londrina-para-repetir-sucesso-de-wendell\/","chapeu":"NOVO REFOR\u00c7O!","data":"05\/06\/2015","imagem":"https:\/\/images.futebolinterior.com.br\/2021\/04\/0002050085036_img-300x221.jpg","resumo":"O Gr\u00eamio acertou nesta sexta-feira a contrata\u00e7\u00e3o de mais um jogador para o elenco. O clube ga\u00facho aposta no lateral-direito Lucas Ramon, do Londrina."},"642928":{"titulo":"Breno Lopes aprova a sua estreia no Fluminense e fala em brigar por posi\u00e7\u00e3o","link":"https:\/\/www.futebolinterior.com.br\/breno-lopes-aprova-a-sua-estreia-no-fluminense-e-fala-em-brigar-por-posicao\/","chapeu":"OP\u00c7\u00c3O A MAIS!","data":"05\/06\/2015","imagem":"https:\/\/images.futebolinterior.com.br\/2021\/04\/0002050085032_img-300x200.jpg","resumo":"O lateral-esquerdo Breno Lopes n\u00e3o teve uma apresenta\u00e7\u00e3o oficial no Fluminense. Mas, na \u00faltima quinta-feira, ele fez a sua estreia pela equipe tricolor."},"642934":{"titulo":"Atl\u00e9tico-MG x Cruzeiro - Galo busca segunda maior invencibilidade no cl\u00e1ssico","link":"https:\/\/www.futebolinterior.com.br\/atletico-mg-x-cruzeiro-galo-busca-segunda-maior-invencibilidade-no-classico\/","chapeu":"FREGU\u00caS?","data":"05\/06\/2015","imagem":"https:\/\/images.futebolinterior.com.br\/2021\/04\/0002050084993_img-300x208.jpg","resumo":"O cl\u00e1ssico entre Atl\u00e9tico-MG e Cruzeiro mobiliza o estado de Minas Gerais, mas neste s\u00e1bado, \u00e0s 18h30, vale muito mais do que uma simples vit\u00f3ria. No caso, o Galo precisa vencer "},"642912":{"titulo":"S\u00e3o Paulo espera por sugest\u00f5es de Osorio para buscar refor\u00e7os","link":"https:\/\/www.futebolinterior.com.br\/sao-paulo-espera-por-sugestoes-de-osorio-para-buscar-reforcos\/","chapeu":"VEM MAIS A\u00cd?","data":"05\/06\/2015","imagem":"https:\/\/images.futebolinterior.com.br\/2021\/04\/0002050085024_img-300x187.png","resumo":"O novo t\u00e9cnico chegou no come\u00e7o desta semana e faz no s\u00e1bado o primeiro jogo no comando da equipe"},"642926":{"titulo":"Luxemburgo fecha treino do Cruzeiro e rejeita revelar time para o cl\u00e1ssico","link":"https:\/\/www.futebolinterior.com.br\/luxemburgo-fecha-treino-do-cruzeiro-e-rejeita-revelar-time-para-o-classico\/","chapeu":"XIIIII","data":"05\/06\/2015","imagem":"https:\/\/images.futebolinterior.com.br\/2021\/04\/0002050085022_img-300x203.jpg","resumo":"Tudo para tentar encerrar uma sequ\u00eancia de 11 jogos sem vit\u00f3ria celeste no cl\u00e1ssico mineiro"},"642938":{"titulo":"D\u00e1tolo \u00e9 relacionado e pode voltar ao Atl\u00e9tico-MG contra o Cruzeiro","link":"https:\/\/www.futebolinterior.com.br\/datolo-e-relacionado-e-pode-voltar-ao-atletico-mg-contra-o-cruzeiro\/","chapeu":"OLHA ELE AI!","data":"05\/06\/2015","imagem":"https:\/\/images.futebolinterior.com.br\/2021\/04\/0002050085019_img-300x200.jpg","resumo":"O treinador, entretanto, n\u00e3o quis confirmar a entrada do argentino no time, para a sa\u00edda de Carlos ou de Giovanni Augusto"},"642903":{"titulo":"Por R$ 7 mi, Sport negocia Joeliton com futebol alem\u00e3o","link":"https:\/\/www.futebolinterior.com.br\/por-r-7-mi-sport-negocia-joeliton-com-futebol-alemao\/","chapeu":"DE SA\u00cdDA...","data":"05\/06\/2015","imagem":"https:\/\/images.futebolinterior.com.br\/2021\/04\/0002050085018_img-300x206.jpg","resumo":"Jogador deve ser encaminhado para o Hoffenheim, da Alemanha"},"642936":{"titulo":"Alecsandro rescinde contrato com o Flamengo e est\u00e1 apto para assinar com o Palmeiras","link":"https:\/\/www.futebolinterior.com.br\/alecsandro-rescinde-contrato-com-o-flamengo-e-esta-apto-para-assinar-com-o-palmeiras\/","chapeu":"DA G\u00c1VEIA PARA O PARQUE","data":"05\/06\/2015","imagem":"https:\/\/images.futebolinterior.com.br\/2021\/04\/0002050084998_img-300x272.jpg","resumo":"O jogador vinha demonstrando alguma contrariedade com a diretoria do Flamengo desde que o time carioca acertou a contrata\u00e7\u00e3o do peruano Paolo Guerrero junto ao Corinthians"},"642954":{"titulo":"Flamengo pode reeditar dupla campe\u00e3 mundial pelo Corinthians","link":"https:\/\/www.futebolinterior.com.br\/flamengo-pode-reeditar-dupla-campea-mundial-pelo-corinthians\/","chapeu":"ATAQUE DE QUALIDADE","data":"05\/06\/2015","imagem":"https:\/\/images.futebolinterior.com.br\/2021\/04\/0002050084983_img-300x257.jpg","resumo":"Ap\u00f3s anunciar Guerrero, o Mengo estuda a contrata\u00e7\u00e3o de Emerson Sheik, liberado pelo Corinthians para acertar com outros clubes"},"642971":{"titulo":"Apresentado, Ad\u00edlson Batista pede que jogadores honrem a camisa do Joinville","link":"https:\/\/www.futebolinterior.com.br\/apresentado-adilson-batista-pede-que-jogadores-honrem-a-camisa-do-joinville\/","chapeu":"POR FAVOR","data":"05\/06\/2015","imagem":"https:\/\/images.futebolinterior.com.br\/2021\/04\/0002050084977_img-300x271.jpg","resumo":"O Joinville n\u00e3o faz boa campanha na sua volta \u00e0 S\u00e9rie A do Brasileir\u00e3o ap\u00f3s 28 anos e ocupa a lanterna da competi\u00e7\u00e3o ap\u00f3s cinco rodadas"}}