{"642810":{"titulo":"BRASILEIR\u00c3O: Sele\u00e7\u00e3o \u201cincha\u201d s\u00e1bado com cl\u00e1ssico mineiro e cria \u201crodada da balada\u201d","link":"https:\/\/www.futebolinterior.com.br\/brasileirao-selecao-incha-sabado-com-classico-mineiro-e-cria-rodada-da-balada\/","chapeu":"RODADA AT\u00cdPICA!","data":"06\/06\/2015","imagem":"https:\/\/images.futebolinterior.com.br\/2021\/04\/0002050085109_img-300x225.jpg","resumo":"A sexta rodada do Campeonato Brasileiro come\u00e7a com mais jogos que o convencional, neste s\u00e1bado, por causa da Sele\u00e7\u00e3o Brasileira. Tem Atl\u00e9tico-MG x Cruzeiro e jogos \u00e0s 22h."},"642819":{"titulo":"Ponte Preta aproveita \"folga\" no Brasileir\u00e3o e far\u00e1 amistoso com time de Ronaldo Fen\u00f4meno","link":"https:\/\/www.futebolinterior.com.br\/ponte-preta-aproveita-folga-no-brasileirao-e-fara-amistoso-com-time-de-ronaldo-fenomeno\/","chapeu":"AMISTOSO INTERNACIONAL!","data":"05\/06\/2015","imagem":"https:\/\/images.futebolinterior.com.br\/2021\/04\/0002050085085_img-300x237.jpg","resumo":"Ponte Preta aproveita \"folga\" no Brasileir\u00e3o e far\u00e1 amistoso com Fort Lauderdale Strikers, time de Ronaldo Fen\u00f4meno, no dia 20 de junho, no Est\u00e1dio Mois\u00e9s Lucarelli, em Campinas."},"642822":{"titulo":"Joinville x Corinthians - E a crise vai continuar no colo de quem?","link":"https:\/\/www.futebolinterior.com.br\/joinville-x-corinthians-e-a-crise-vai-continuar-no-colo-de-quem\/","chapeu":"PRESS\u00c3O TOTAL!","data":"05\/06\/2015","imagem":"https:\/\/images.futebolinterior.com.br\/2021\/04\/0002050085077_img-300x247.jpg","resumo":"Corinthians tenta melhorar o aproveitamento como visitante diante do Joinville, neste s\u00e1bado, \u00e0s 22 horas, na Arena Joinville, pelo Brasileir\u00e3o."},"642836":{"titulo":"Corinthians reabre negocia\u00e7\u00e3o com Teo Guti\u00e9rrez; Gr\u00eamio tamb\u00e9m tem interessse","link":"https:\/\/www.futebolinterior.com.br\/corinthians-reabre-negociacao-com-teo-gutierrez-gremio-tambem-tem-interessse\/","chapeu":"VAI PRA ONDE?","data":"05\/06\/2015","imagem":"https:\/\/images.futebolinterior.com.br\/2021\/04\/0002050085067_img-300x200.jpg","resumo":"O empres\u00e1rio do jogador j\u00e1 admitiu que o futuro est\u00e1 ligado ao Brasil, mas garantiu que uma decis\u00e3o s\u00f3 ir\u00e1 acontecer ap\u00f3s a Copa Am\u00e9rica"},"642877":{"titulo":"Dagoberto sofre les\u00e3o muscular e vira mais um desfalque no Vasco","link":"https:\/\/www.futebolinterior.com.br\/dagoberto-sofre-lesao-muscular-e-vira-mais-um-desfalque-no-vasco\/","chapeu":"QUE FASE, VASC\u00c3O!","data":"05\/06\/2015","imagem":"https:\/\/images.futebolinterior.com.br\/2021\/04\/0002050085061_img-300x262.jpg","resumo":"O t\u00e9cnico Doriva ganhou mais um problema para escalar o time do Vasco que enfrenta o Atl\u00e9tico-PR, neste s\u00e1bado, pela sexta rodada do Brasileir\u00e3o."},"642853":{"titulo":"Ap\u00f3s acertar com Alecsandro, Palmeiras encaminha empr\u00e9stimo de Ayrton para o Flamengo","link":"https:\/\/www.futebolinterior.com.br\/apos-acertar-com-alecsandro-palmeiras-encaminha-emprestimo-de-ayrton-para-o-flamengo\/","chapeu":"\u00c0 CAMINHO DA G\u00c1VEA!","data":"05\/06\/2015","imagem":"https:\/\/images.futebolinterior.com.br\/2021\/04\/0002050085060_img-300x169.jpg","resumo":"O jogador far\u00e1 sua \u00faltima partida com a camisa do Verd\u00e3o neste domingo e depois embarcar\u00e1 para o Rio de Janeiro"},"642855":{"titulo":"Flamengo x Chapecoense - \"Se o Meng\u00e3o n\u00e3o ganhar, ol\u00ea ol\u00ea ol\u00e1...\"","link":"https:\/\/www.futebolinterior.com.br\/flamengo-x-chapecoense-se-o-mengao-nao-ganhar-ole-ole-ola\/","chapeu":"E AGORA?","data":"05\/06\/2015","imagem":"https:\/\/images.futebolinterior.com.br\/2021\/04\/0002050085047_img-300x200.jpg","resumo":"Em crise, time carioca tenta vencer a primeira no Brasileir\u00e3o"},"642875":{"titulo":"Santos x Ponte Preta - Macaca vai fazer mais uma v\u00edtima?","link":"https:\/\/www.futebolinterior.com.br\/santos-x-ponte-preta-macaca-vai-fazer-mais-uma-vitima\/","chapeu":"PROMESSA DE JOG\u00c3O","data":"05\/06\/2015","imagem":"https:\/\/images.futebolinterior.com.br\/2021\/04\/0002050085039_img-300x190.jpg","resumo":"Novo trope\u00e7o pode derrubar o t\u00e9cnico Marcelo Fernandes no Peixe"},"642858":{"titulo":"S\u00e3o Paulo x Gr\u00eamio - Gringo vai come\u00e7ar bem no Sampa?","link":"https:\/\/www.futebolinterior.com.br\/sao-paulo-x-gremio-gringo-vai-comecar-bem-no-sampa\/","chapeu":"ESTREIA NO BANCO","data":"05\/06\/2015","imagem":"https:\/\/images.futebolinterior.com.br\/2021\/04\/0002050085045_img-300x210.jpg","resumo":"Anunciado como novo treinador do S\u00e3o Paulo na semana passada, Osorio chegou na segunda-feira, assistiu a vit\u00f3ria sobre o Santos das tribunas e vai estrear s\u00e1bado"},"642893":{"titulo":"Atl\u00e9tico-PR x Vasco - Furac\u00e3o tenta afundar o pressionado Trem Bala","link":"https:\/\/www.futebolinterior.com.br\/atletico-pr-x-vasco-furacao-tenta-afundar-o-pressionado-trem-bala\/","chapeu":"QUEM LEVA?","data":"05\/06\/2015","imagem":"https:\/\/images.futebolinterior.com.br\/2021\/04\/0002050085016_img-300x200.jpg","resumo":"O clube paranaense quer seguir na lideran\u00e7a, enquanto que o carioca precisa vencer para sair da zona de rebaixamento e manter Doriva no cargo"}}