{"642683":{"titulo":"Flamengo 1 x 0 Chapecoense - Mengo desencanta e vence a primeira, contra a Chapecoense que s\u00f3 perde fora","link":"https:\/\/www.futebolinterior.com.br\/flamengo-1-x-0-chapecoense-mengo-desencanta-e-vence-a-primeira-contra-a-chapecoense-que-so-perde-fora\/","chapeu":"PRIMEIRA VIT\u00d3RIA","data":"06\/06\/2015","imagem":0,"resumo":"Esta foi a primeira vit\u00f3ria do Mengo, agora com quatro pontos, momentaneamente fora da zona de rebaixamento. A Chapecoense venceu tr\u00eas vezes em casa."},"642693":{"titulo":"Inter prepara homenagens para o \u00eddolo Fernand\u00e3o no duelo contra o Coritiba","link":"https:\/\/www.futebolinterior.com.br\/inter-prepara-homenagens-para-o-idolo-fernandao-no-duelo-contra-o-coritiba\/","chapeu":"ETERNO!","data":"06\/06\/2015","imagem":"https:\/\/images.futebolinterior.com.br\/2021\/04\/0002050085516_img-300x208.jpg","resumo":"O ingresso da partida tamb\u00e9m foi feito especialmente com a marca do atacante"},"642722":{"titulo":"Palmeiras tenta contrata\u00e7\u00e3o de atacante Rildo da Ponte Preta","link":"https:\/\/www.futebolinterior.com.br\/palmeiras-tenta-contratacao-de-atacante-rildo-da-ponte-preta\/","chapeu":"MAIS UM!","data":"06\/06\/2015","imagem":"https:\/\/images.futebolinterior.com.br\/2021\/04\/0002050085227_img-300x200.jpg","resumo":"O jogador n\u00e3o vem sendo muito aproveitado na Macaca e v\u00ea com bons olhos uma transa\u00e7\u00e3o com o Alviverde"},"642731":{"titulo":"Goi\u00e1s x Ava\u00ed - Esmeraldinos tentam voltar aos eixos...","link":"https:\/\/www.futebolinterior.com.br\/goias-x-avai-esmeraldinos-tentam-voltar-aos-eixos\/","chapeu":"DUELO QUENTE","data":"06\/06\/2015","imagem":"https:\/\/images.futebolinterior.com.br\/2021\/04\/0002050085178_img-300x200.jpg","resumo":"Time goiano vem de derrota na \u00faltima rodada e busca recupera\u00e7\u00e3o"},"642748":{"titulo":"Wagner v\u00ea Fluminense mais 'seguro' desde a chegada de Enderson Moreira","link":"https:\/\/www.futebolinterior.com.br\/wagner-ve-fluminense-mais-seguro-desde-a-chegada-de-enderson-moreira\/","chapeu":"MUDOU","data":"06\/06\/2015","imagem":"https:\/\/images.futebolinterior.com.br\/2021\/04\/0002050085156_img-300x200.jpg","resumo":"A boa sequ\u00eancia fez o Fluminense subir na tabela e, ap\u00f3s cinco partidas, a equipe \u00e9 a s\u00e9tima colocada"},"642775":{"titulo":"Figueirense x Palmeiras - Quem vai parar de derrapar primeiro?","link":"https:\/\/www.futebolinterior.com.br\/figueirense-x-palmeiras-quem-vai-parar-de-derrapar-primeiro\/","chapeu":"AGORA VAI?","data":"06\/06\/2015","imagem":"https:\/\/images.futebolinterior.com.br\/2021\/04\/0002050085132_img-300x192.jpg","resumo":"Verd\u00e3o tenta acabar com in\u00edcio irregular no Brasileir\u00e3o"},"642781":{"titulo":"Fluminense x Sport - Agora \u00e9 pedreira, Fluz\u00e3o...","link":"https:\/\/www.futebolinterior.com.br\/fluminense-x-sport-agora-e-pedreira-fluzao\/","chapeu":"JOGO QUENTE...","data":"06\/06\/2015","imagem":"https:\/\/images.futebolinterior.com.br\/2021\/04\/0002050085126_img-300x182.jpg","resumo":"Times fazem duelo direto de olho no G4 do Brasileir\u00e3o"},"642788":{"titulo":"Destaque do Brasileir\u00e3o, Renato Caj\u00e1, da Ponte, pode parar no Cruzeiro","link":"https:\/\/www.futebolinterior.com.br\/destaque-do-brasileirao-renato-caja-da-ponte-pode-parar-no-cruzeiro\/","chapeu":"AGORA VAI?","data":"06\/06\/2015","imagem":"https:\/\/images.futebolinterior.com.br\/2021\/04\/0002050085124_img.jpg","resumo":"Time mineiro est\u00e1 disposto a pagar a multa rescis\u00f3ria para ficar com o jogador"},"642794":{"titulo":"Ap\u00f3s lateral, Flamengo deve contratar meia Alan Patrick, do Palmeiras","link":"https:\/\/www.futebolinterior.com.br\/apos-lateral-flamengo-deve-contratar-meia-alan-patrick-do-palmeiras\/","chapeu":"ADEUS...","data":"06\/06\/2015","imagem":"https:\/\/images.futebolinterior.com.br\/2021\/04\/0002050085123_img-300x207.jpg","resumo":"Time carioca tamb\u00e9m encaminhou acerto com lateral Ayrton"},"642863":{"titulo":"Internacional x Coritiba - Hora de focar no Brasileiro, Colorado?","link":"https:\/\/www.futebolinterior.com.br\/internacional-x-coritiba-hora-de-focar-no-brasileiro-colorado\/","chapeu":"BOM JOGO!","data":"06\/06\/2015","imagem":"https:\/\/images.futebolinterior.com.br\/2021\/04\/0002050085044_img-300x179.jpg","resumo":"O clube ga\u00facho ainda n\u00e3o est\u00e1 focado no nacional, enquanto que o Coxa precisa vencer de qualquer jeito para n\u00e3o se afundar"}}