{"642266":{"titulo":"Empresa se justifica por gramado ruim na arena do Palmeiras em amistoso da Sele\u00e7\u00e3o","link":"https:\/\/www.futebolinterior.com.br\/empresa-se-justifica-por-gramado-ruim-na-arena-do-palmeiras-em-amistoso-da-selecao\/","chapeu":"BL\u00c1, BL\u00c1, BL\u00c1...","data":"08\/06\/2015","imagem":"https:\/\/images.futebolinterior.com.br\/2021\/04\/0002050086211_img-300x201.jpg","resumo":"Respons\u00e1vel pelo gramado da Arena Palmeiras, a World Sports emitiu comunicado para comentar o estado ruim do campo para o amistoso entre Brasil e M\u00e9xico."},"642284":{"titulo":"Santos promete recorrer contra libera\u00e7\u00e3o de Dami\u00e3o: 'Ganhou mas n\u00e3o levou'","link":"https:\/\/www.futebolinterior.com.br\/santos-promete-recorrer-contra-liberacao-de-damiao-ganhou-mas-nao-levou\/","chapeu":"CONFUS\u00c3O \u00c0 VISTA!","data":"08\/06\/2015","imagem":"https:\/\/images.futebolinterior.com.br\/2021\/04\/0002050086208_img.jpg","resumo":"O Santos afirmou em seu site oficial que vai recorrer da decis\u00e3o da Justi\u00e7a do Trabalho sobre a rescis\u00e3o de contrato do atacante Leandro Dami\u00e3o, atualmente no Cruzeiro."},"642268":{"titulo":"Willian elogia Luxemburgo e diz que vit\u00f3ria no cl\u00e1ssico dar\u00e1 moral ao Cruzeiro contra o Vasco","link":"https:\/\/www.futebolinterior.com.br\/willian-elogia-luxemburgo-e-diz-que-vitoria-no-classico-dara-moral-ao-cruzeiro-contra-o-vasco\/","chapeu":"RAPOSA EM ALTA","data":"08\/06\/2015","imagem":"https:\/\/images.futebolinterior.com.br\/2021\/04\/0002050086213_img-300x158.jpg","resumo":"Foi tamb\u00e9m o segundo resultado positivo sob o comando de Vanderlei Luxemburgo, e o momento anima os jogadores para o confronto deste s\u00e1bado diante do Vasco, em S\u00e3o Janu\u00e1rio."},"642293":{"titulo":"Les\u00e3o no tornozelo tira Bruno Henrique do Corinthians por duas semanas","link":"https:\/\/www.futebolinterior.com.br\/lesao-no-tornozelo-tira-bruno-henrique-do-corinthians-por-duas-semanas\/","chapeu":"EST\u00c1 FORA!","data":"08\/06\/2015","imagem":"https:\/\/images.futebolinterior.com.br\/2021\/04\/0002050086197_img-300x207.jpg","resumo":"O volante foi titular nos \u00faltimos quatro jogos do Tim\u00e3o"},"642305":{"titulo":"Atl\u00e9tico de Madrid retoma negocia\u00e7\u00f5es para levar Rodrigo Caio do S\u00e3o Paulo","link":"https:\/\/www.futebolinterior.com.br\/atletico-de-madrid-retoma-negociacoes-para-levar-rodrigo-caio-do-sao-paulo\/","chapeu":"HORA DO ADEUS?","data":"08\/06\/2015","imagem":"https:\/\/images.futebolinterior.com.br\/2021\/04\/0002050086193_img-300x169.jpg","resumo":"O presidente Carlos Miguel Aidar pediu 20 milh\u00f5es para a sa\u00edda do jogador"},"642303":{"titulo":"N\u00e3o aprende! Meia do Vasco, Bernardo chama torcedor para briga no Instagram","link":"https:\/\/www.futebolinterior.com.br\/nao-aprende-meia-do-vasco-bernardo-chama-torcedor-para-briga-no-instagram\/","chapeu":"DE NOVO?","data":"08\/06\/2015","imagem":"https:\/\/images.futebolinterior.com.br\/2021\/04\/0002050086185_img-227x300.jpg","resumo":"O jogador n\u00e3o vive um bom momento no Trem Bala e segue tendo problemas extracampo"},"642311":{"titulo":"Cuca \u00e9 cotado para assumir lugar de Oswaldo de Oliveira no Palmeiras","link":"https:\/\/www.futebolinterior.com.br\/cuca-e-cotado-para-assumir-lugar-de-oswaldo-de-oliveira-no-palmeiras\/","chapeu":"BOA TROCA?","data":"08\/06\/2015","imagem":"https:\/\/images.futebolinterior.com.br\/2021\/04\/0002050086180_img-300x200.jpg","resumo":"O ex-t\u00e9cnico do Atl\u00e9tico-MG seria o plano A do Verd\u00e3o, que tamb\u00e9m estaria negociando com Marcelo Oliveira"},"642336":{"titulo":"Reuni\u00e3o deve sacramentar demiss\u00e3o de Oswaldo de Oliveira no Palmeiras","link":"https:\/\/www.futebolinterior.com.br\/reuniao-deve-sacramentar-demissao-de-oswaldo-de-oliveira-no-palmeiras\/","chapeu":"CHEGOU A HORA!","data":"08\/06\/2015","imagem":"https:\/\/images.futebolinterior.com.br\/2021\/04\/0002050086163_img-300x171.jpg","resumo":"O treinador vem sendo pressionado com a sombra de Marcelo Oliveira, demetido do Cruzeiro"},"642375":{"titulo":"Romildo Bolzan Jr., presidente do Gr\u00eamio, indica que cria\u00e7\u00e3o de liga de clubes ganha for\u00e7a","link":"https:\/\/www.futebolinterior.com.br\/romildo-bolzan-jr-presidente-do-gremio-indica-que-criacao-de-liga-de-clubes-ganha-forca\/","chapeu":"SER\u00c1?","data":"08\/06\/2015","imagem":"https:\/\/images.futebolinterior.com.br\/2021\/04\/0002050086158_img-300x200.jpg","resumo":"Nesta segunda-feira, o presidente do Gr\u00eamio, Romildo Bolzan Jr., afirmou que a discuss\u00e3o sobre o tema \u00e9 importante, mas enfatizou que ela \"depende dos fatos\". O dirigente declarou "},"642360":{"titulo":"Quem fala a verdade? Dirigente do S\u00e3o Paulo nega conversa por Caj\u00e1 e tranquiliza a Ponte Preta","link":"https:\/\/www.futebolinterior.com.br\/quem-fala-a-verdade-dirigente-do-sao-paulo-nega-conversa-por-caja-e-tranquiliza-a-ponte-preta\/","chapeu":"S\u00d3 FUMA\u00c7A!","data":"08\/06\/2015","imagem":"https:\/\/images.futebolinterior.com.br\/2021\/04\/0002050086143_img-213x300.jpg","resumo":"Ponte Preta, Renato Caj\u00e1 e seus empres\u00e1rios pouco falam sobre propostas e s\u00f3 aumentam a expectativa do sofrido torcedor alvinegro"}}