{"642246":{"titulo":"Flamengo inicia semana completa de treinos para ganhar cara de Crist\u00f3v\u00e3o Borges","link":"https:\/\/www.futebolinterior.com.br\/flamengo-inicia-semana-completa-de-treinos-para-ganhar-cara-de-cristovao-borges\/","chapeu":"UFA!","data":"08\/06\/2015","imagem":"https:\/\/images.futebolinterior.com.br\/2021\/04\/0002050086258_img-300x203.png","resumo":"Quando assumiu o comando do Flamengo, o t\u00e9cnico Crist\u00f3v\u00e3o Borges sabia que teria pouco tempo para treinar no Campeonato Brasileiro."},"642229":{"titulo":"CBF abre as pernas para os clubes ap\u00f3s receber press\u00e3o do FBI, Rede Globo, Clubes e do Governo","link":"https:\/\/www.futebolinterior.com.br\/cbf-abre-as-pernas-para-os-clubes-apos-receber-pressao-do-fbi-rede-globo-clubes-e-do-governo\/","chapeu":"OPINI\u00c3O","data":"08\/06\/2015","imagem":"https:\/\/images.futebolinterior.com.br\/2021\/04\/0002050086255_img-300x75.jpg","resumo":"O esc\u00e2ndalo da FIFA, como era esperado, come\u00e7a a respingar diretamente na dire\u00e7\u00e3o da CBF e em seu presidente Marco Polo Del Nero"},"642233":{"titulo":"Assediado, Renato Caj\u00e1 s\u00f3 deixa Ponte Preta por futebol do exterior. E agora?","link":"https:\/\/www.futebolinterior.com.br\/assediado-renato-caja-so-deixa-ponte-preta-por-futebol-do-exterior-e-agora\/","chapeu":"PODE COMEMORAR?","data":"08\/06\/2015","imagem":"https:\/\/images.futebolinterior.com.br\/2021\/04\/0002050086241_img-300x257.jpg","resumo":"Renato Caj\u00e1, que foi sondado por Corinthians, Flamengo, Gr\u00eamio, Cruzeiro e S\u00e3o Paulo, s\u00f3 deixa Ponte Preta por futebol do exterior."},"642244":{"titulo":"Acuada por todos os lados, a CBF cede em troca de apoio e clubes decidir\u00e3o f\u00f3rmulas de campeonatos","link":"https:\/\/www.futebolinterior.com.br\/acuada-por-todos-os-lados-a-cbf-cede-em-troca-de-apoio-e-clubes-decidirao-formulas-de-campeonatos\/","chapeu":"CBF CEDE PRESS\u00c3O","data":"08\/06\/2015","imagem":"https:\/\/images.futebolinterior.com.br\/2021\/04\/0002050086238_img-300x269.jpg","resumo":"Clubes querem que reuni\u00e3o com presidentes federa\u00e7\u00f5es inclua a elimina\u00e7\u00e3o do artigo 56 do estatuto da CBF, que d\u00e1 a entidade o poder de veto em decis\u00f5es do conselho t\u00e9cnico. "},"642241":{"titulo":"S\u00e3o Paulo aproveita \u00e2nimo de novo t\u00e9cnico e come\u00e7a bem como o melhor entre os paulistas","link":"https:\/\/www.futebolinterior.com.br\/sao-paulo-aproveita-animo-de-novo-tecnico-e-comeca-bem-como-o-melhor-entre-os-paulistas\/","chapeu":"OPINI\u00c3O","data":"08\/06\/2015","imagem":"https:\/\/images.futebolinterior.com.br\/2021\/04\/0002050086236_img-300x276.png","resumo":"Situa\u00e7\u00e3o mais dram\u00e1tica \u00e9 a do Palmeiras, que vem de resultados negativos seguidos, depois de ter vencido o Corinthians no cl\u00e1ssico disputado no Itaquer\u00e3o"},"642248":{"titulo":"Thalles revela conversa no Vasco e admite necessidade de evolu\u00e7\u00e3o","link":"https:\/\/www.futebolinterior.com.br\/thalles-revela-conversa-no-vasco-e-admite-necessidade-de-evolucao\/","chapeu":"PRECISA MUDAR!","data":"08\/06\/2015","imagem":"https:\/\/images.futebolinterior.com.br\/2021\/04\/0002050086230_img-300x200.jpg","resumo":"O jogador confessou que ele pr\u00f3prio tamb\u00e9m precisa evoluir e no s\u00e1bado ter\u00e1 um advers\u00e1rio que lhe traz \u00f3timas lembran\u00e7as"},"642272":{"titulo":"Douglas treina com bola e pode refor\u00e7ar o Gr\u00eamio no domingo","link":"https:\/\/www.futebolinterior.com.br\/douglas-treina-com-bola-e-pode-reforcar-o-gremio-no-domingo\/","chapeu":"VOLTANDO!","data":"08\/06\/2015","imagem":"https:\/\/images.futebolinterior.com.br\/2021\/04\/0002050086229_img-300x157.jpg","resumo":"O jogador j\u00e1 est\u00e1 praticamente recuperado de uma tendinite na coxa esquerda"},"642251":{"titulo":"At\u00e9 o organizado S\u00e3o Paulo promete acertar at\u00e9 sexta os direitos de imagem atrasados","link":"https:\/\/www.futebolinterior.com.br\/ate-o-organizado-sao-paulo-promete-acertar-ate-sexta-os-direitos-de-imagem-atrasados\/","chapeu":"FIM DA PICADA","data":"08\/06\/2015","imagem":"https:\/\/images.futebolinterior.com.br\/2021\/04\/0002050086228_img-300x185.png","resumo":"O vice-presidente de futebol do S\u00e3o Paulo, Ata\u00edde Gil Guerreiro, disse nesta segunda-feira que deve pagar at\u00e9 o fim desta semana os direitos de imagem atrasados para o elenco. "},"642276":{"titulo":"C\u00e1ssio ignora come\u00e7o irregular e v\u00ea Corinthians entre candidatos ao t\u00edtulo","link":"https:\/\/www.futebolinterior.com.br\/cassio-ignora-comeco-irregular-e-ve-corinthians-entre-candidatos-ao-titulo\/","chapeu":"AINDA D\u00c1 PRO TIM\u00c3O","data":"08\/06\/2015","imagem":"https:\/\/images.futebolinterior.com.br\/2021\/04\/0002050086222_img-246x300.jpg","resumo":"O Corinthians volta a campo no s\u00e1bado, quando recebe o Internacional no Itaquer\u00e3o. Como o time ter\u00e1 uma semana cheia s\u00f3 de treinos, C\u00e1ssio aposta em uma grande exibi\u00e7\u00e3o "},"642274":{"titulo":"Atacante p\u00e9 quente, Luan sente dores e vira preocupa\u00e7\u00e3o em reapresenta\u00e7\u00e3o do Atl\u00e9tico-MG","link":"https:\/\/www.futebolinterior.com.br\/atacante-pe-quente-luan-sente-dores-e-vira-preocupacao-em-reapresentacao-do-atletico-mg\/","chapeu":"P\u00c9 QUENTE VIRA D\u00daVIDA","data":"08\/06\/2015","imagem":"https:\/\/images.futebolinterior.com.br\/2021\/04\/0002050086216_img-300x198.jpg","resumo":"Um dia depois da derrota no cl\u00e1ssico para o Cruzeiro, o t\u00e9cnico Levir Culpi comandava um treino t\u00e1tico na reapresenta\u00e7\u00e3o atleticana quando Luan acusou um problema na coxa esquerda"}}