{"642148":{"titulo":"Empres\u00e1rio praticamente descarta ida de Renato Caj\u00e1 a outro clube brasileiro e revela multas","link":"https:\/\/www.futebolinterior.com.br\/empresario-praticamente-descarta-ida-de-renato-caja-a-outro-clube-brasileiro-e-revela-multas\/","chapeu":"ELE FICA OU...","data":"09\/06\/2015","imagem":"https:\/\/images.futebolinterior.com.br\/2021\/04\/0002050086352_img-300x200.jpg","resumo":"Empres\u00e1rio de Renato Caj\u00e1, Cl\u00e1udio Guadagno, deu uma entrevista praticamente confirmando que o camisa 10 n\u00e3o vai trocar a Ponte Preta por um clube nacional."},"642150":{"titulo":"Presidente do Santos nega interesse em t\u00e9cnico da Ponte Preta","link":"https:\/\/www.futebolinterior.com.br\/presidente-do-santos-nega-interesse-em-tecnico-da-ponte-preta\/","chapeu":"N\u00c3O EXISTE NADA","data":"09\/06\/2015","imagem":"https:\/\/images.futebolinterior.com.br\/2021\/04\/0002050086350_img-300x206.jpg","resumo":"Sem Guto, o Santos mira a chegada Gilson Kleina, outro t\u00e9cnico que teve recentemente passagem vitoriosa pela Ponte Preta"},"642156":{"titulo":"Diretoria decide e Oswaldo de Oliveira ser\u00e1 demitido do Palmeiras","link":"https:\/\/www.futebolinterior.com.br\/diretoria-decide-e-oswaldo-de-oliveira-sera-demitido-do-palmeiras\/","chapeu":"CAIU!","data":"09\/06\/2015","imagem":"https:\/\/images.futebolinterior.com.br\/2021\/04\/0002050086345_img-300x192.jpg","resumo":"Oswaldo dirigiu o Palmeiras em 31 jogos, com 17 vit\u00f3rias, sete empates e sete derrotas"},"642167":{"titulo":"Centuri\u00f3n \u00e9 liberado para ficar na Argentina e desfalca treino do S\u00e3o Paulo","link":"https:\/\/www.futebolinterior.com.br\/centurion-e-liberado-para-ficar-na-argentina-e-desfalca-treino-do-sao-paulo\/","chapeu":"VAI VOLTAR?","data":"09\/06\/2015","imagem":"https:\/\/images.futebolinterior.com.br\/2021\/04\/0002050086340_img-300x193.jpg","resumo":"O argentino Centuri\u00f3n foi a baixa do treino do S\u00e3o Paulo nesta ter\u00e7a-feira no CT da Barra Funda. Ele ficou em Buenos Aires para resolver problemas pessoais."},"642160":{"titulo":"Joinville fica pr\u00f3ximo de anunciar Douglas Silva e Marion","link":"https:\/\/www.futebolinterior.com.br\/joinville-fica-proximo-de-anunciar-douglas-silva-e-marion\/","chapeu":"PARA MELHORAR","data":"09\/06\/2015","imagem":"https:\/\/images.futebolinterior.com.br\/2021\/04\/0002050086341_img-300x189.jpg","resumo":"O Joinville volta a campo no s\u00e1bado para enfrentar o Sport, \u00e0s 21 horas, na Ilha do Retiro"},"642191":{"titulo":"Osorio tem dois meses para conhecer elenco do S\u00e3o Paulo at\u00e9 sugerir refor\u00e7os","link":"https:\/\/www.futebolinterior.com.br\/osorio-tem-dois-meses-para-conhecer-elenco-do-sao-paulo-ate-sugerir-reforcos\/","chapeu":"TEMPO LIMITADO!","data":"09\/06\/2015","imagem":"https:\/\/images.futebolinterior.com.br\/2021\/04\/0002050086325_img-300x187.png","resumo":"O S\u00e3o Paulo deve esperar pelo menos dois meses at\u00e9 come\u00e7ar a procurar refor\u00e7os para o elenco. A diretoria estabeleceu esse prazo para que o novo t\u00e9cnico, Juan Carlos Osorio, possa "},"642184":{"titulo":"Santos vai atr\u00e1s de Gilson Kleina para o lugar de Marcelo Fernandes","link":"https:\/\/www.futebolinterior.com.br\/santos-vai-atras-de-gilson-kleina-para-o-lugar-de-marcelo-fernandes\/","chapeu":"NA MIRA","data":"09\/06\/2015","imagem":"https:\/\/images.futebolinterior.com.br\/2021\/04\/0002050086323_img-300x225.jpg","resumo":"Os dirigentes do Santos acreditam que n\u00e3o encontrariam problemas para trazer Kleina"},"642200":{"titulo":"Clubes e Bom Senso se re\u00fanem para discutir MP que prev\u00ea parcelamento de d\u00edvidas","link":"https:\/\/www.futebolinterior.com.br\/clubes-e-bom-senso-se-reunem-para-discutir-mp-que-preve-parcelamento-de-dividas\/","chapeu":"MUITA LADAINHA","data":"09\/06\/2015","imagem":"https:\/\/images.futebolinterior.com.br\/2021\/04\/0002050086316_img-300x169.jpg","resumo":" Momentos ap\u00f3s uma reuni\u00e3o com o presidente da CBF, Marco Polo Del Nero, nesta segunda-feira, na sede da entidade, na Barra da Tijuca, no Rio"},"642198":{"titulo":"Ex-matador do Flamengo, Alecsandro chega para acertar com o Palmeiras no meio de turbul\u00eancia","link":"https:\/\/www.futebolinterior.com.br\/ex-matador-do-flamengo-alecsandro-chega-para-acertar-com-o-palmeiras-no-meio-de-turbulencia\/","chapeu":"NOVO MATADOR","data":"09\/06\/2015","imagem":"https:\/\/images.futebolinterior.com.br\/2021\/04\/0002050086314_img-300x219.jpg","resumo":"Enquanto o t\u00e9cnico Oswaldo de Oliveira pode sair por uma porta no Palmeiras, o atacante Alecsandro vai entrar por outra."},"642223":{"titulo":"Esc\u00e2ndalo da Fifa: Para Eurico Miranda, cartola do Vasco, indiciamento de Teixeira e J. Hawilla 'n\u00e3o \u00e9 novidade'","link":"https:\/\/www.futebolinterior.com.br\/escandalo-da-fifa-para-eurico-miranda-cartola-do-vasco-indiciamento-de-teixeira-e-j-hawilla-nao-e-novidade\/","chapeu":"EURICO DISPARA !","data":"08\/06\/2015","imagem":"https:\/\/images.futebolinterior.com.br\/2021\/04\/0002050086283_img.jpg","resumo":"Eurico Miranda declarou ainda que poder\u00e1 dar seu depoimento sem problemas caso seja convocado pela CPI que investigar\u00e1 o futebol brasileiro. "}}