{"642034":{"titulo":"Del Nero cogita alterar hor\u00e1rio dos jogos da noite do Brasileir\u00e3o a partir de 2016","link":"https:\/\/www.futebolinterior.com.br\/del-nero-cogita-alterar-horario-dos-jogos-da-noite-do-brasileirao-a-partir-de-2016\/","chapeu":"MAIS CEDO...","data":"09\/06\/2015","imagem":"https:\/\/images.futebolinterior.com.br\/2021\/04\/0002050086444_img-300x168.jpg","resumo":"Em audi\u00eancia p\u00fablica na C\u00e2mara dos Deputados nesta ter\u00e7a-feira, o presidente da CBF, Marco Polo Del Nero, disse que o hor\u00e1rio dos jogos pode ser antecipado das 22h para as 21h40"},"642038":{"titulo":"Joinville acerta contrata\u00e7\u00e3o do zagueiro Douglas Silva, dispensado pelo Vasco","link":"https:\/\/www.futebolinterior.com.br\/joinville-acerta-contratacao-do-zagueiro-douglas-silva-dispensado-pelo-vasco\/","chapeu":"NOVIDADE!","data":"09\/06\/2015","imagem":"https:\/\/images.futebolinterior.com.br\/2021\/04\/0002050086439_img-300x211.jpg","resumo":"Nesta ter\u00e7a-feira, o Joinville acertou a contrata\u00e7\u00e3o do zagueiro Douglas Silva, poucas horas ap\u00f3s o mesmo rescindir contrato com o Vasco."},"642058":{"titulo":"T\u00e9cnico do Santos admite press\u00e3o: 'Seis pontos em 18 \u00e9 pouco'","link":"https:\/\/www.futebolinterior.com.br\/tecnico-do-santos-admite-pressao-seis-pontos-em-18-e-pouco\/","chapeu":"BATATA QUENTE!","data":"09\/06\/2015","imagem":0,"resumo":"O treinador mudou a postura e, em vez de esconder o time na v\u00e9spera dos jogos, revelou a escala\u00e7\u00e3o ao fim do treino, que foi fechado"},"642044":{"titulo":"R\u00e1dio Mantiqueira faz dobradinha no final de semana","link":"https:\/\/www.futebolinterior.com.br\/radio-mantiqueira-faz-dobradinha-no-final-de-semana\/","chapeu":"IMPERD\u00cdVEL","data":"09\/06\/2015","imagem":"https:\/\/images.futebolinterior.com.br\/2021\/04\/0002050086435_img-300x225.jpg","resumo":"As partidas ser\u00e3o transmitidas in-loco pela emissora mineira"},"642068":{"titulo":"Sport est\u00e1 perto de levar Roni, da Ponte Preta, e Luque, do Internacional","link":"https:\/\/www.futebolinterior.com.br\/sport-esta-perto-de-levar-roni-da-ponte-preta-e-luque-do-internacional\/","chapeu":"NO MERCADO!","data":"09\/06\/2015","imagem":"https:\/\/images.futebolinterior.com.br\/2021\/04\/0002050086411_img-300x206.jpg","resumo":" Apesar do bom in\u00edcio de Campeonato Brasileiro, a diretoria do Sport ainda busca refor\u00e7os. Roni, da Ponte Preta, e Carlos Luque, do Internacional, est\u00e3o pr\u00f3ximos de um acerto."},"642088":{"titulo":"Souza elogia postura de Osorio: '\u00c9 diferente de tudo o que j\u00e1 vimos'","link":"https:\/\/www.futebolinterior.com.br\/souza-elogia-postura-de-osorio-e-diferente-de-tudo-o-que-ja-vimos\/","chapeu":"GOSTOU!","data":"09\/06\/2015","imagem":"https:\/\/images.futebolinterior.com.br\/2021\/04\/0002050086416_img-300x187.png","resumo":"Na reapresenta\u00e7\u00e3o do elenco do S\u00e3o Paulo pouco se falou da vit\u00f3ria por 2 a 0 sobre o Gr\u00eamio, pelo Campeonato Brasileiro, no \u00faltimo s\u00e1bado. O assunto no clube ainda \u00e9 a chegada do t"},"642079":{"titulo":"Corinthians pode contratar meia Andrezinho, ex-Inter e Flamengo","link":"https:\/\/www.futebolinterior.com.br\/corinthians-pode-contratar-meia-andrezinho-ex-inter-e-flamengo\/","chapeu":"SE CUIDA, JADSON?","data":"09\/06\/2015","imagem":"https:\/\/images.futebolinterior.com.br\/2021\/04\/0002050086403_img-300x190.jpg","resumo":"Depois de tr\u00eas temporadas no futebol chin\u00eas, o meia Andrezinho, do Tianjin Teda, pode retornar ao Brasil. E o poss\u00edvel destino seria o Corinthians. "},"642109":{"titulo":"Marcelo Oliveira nega contato, mas admite dirigir o Palmeiras","link":"https:\/\/www.futebolinterior.com.br\/marcelo-oliveira-nega-contato-mas-admite-dirigir-o-palmeiras\/","chapeu":"SER\u00c1 QUE VAI?","data":"09\/06\/2015","imagem":"https:\/\/images.futebolinterior.com.br\/2021\/04\/0002050086393_img-300x187.jpg","resumo":"O t\u00e9cnico Marcelo Oliveira \u00e9 o principal nome para substituir Oswaldo de Oliveira no comando do Palmeiras. O treinador deixou o Cruzeiro recentemente."},"642119":{"titulo":"Em manh\u00e3 tumultuada, Vasco rescinde contrato de Douglas Silva e Marcinho e afasta Bernardo","link":"https:\/\/www.futebolinterior.com.br\/em-manha-tumultuada-vasco-rescinde-contrato-de-douglas-silva-e-marcinho-e-afasta-bernardo\/","chapeu":"BOMBA REL\u00d3GIO!","data":"09\/06\/2015","imagem":"https:\/\/images.futebolinterior.com.br\/2021\/04\/0002050086392_img-300x200.jpg","resumo":"Vasco anunciou a rescis\u00e3o de contrato de Douglas Silva e Marcinho, al\u00e9m de suspender o v\u00ednculo de Bernardo no Brasileir\u00e3o."},"642113":{"titulo":"Oswaldo de Oliveira \u00e9 demitido quatro dias ap\u00f3s estar '100% garantido' no Palmeiras","link":"https:\/\/www.futebolinterior.com.br\/oswaldo-de-oliveira-e-demitido-quatro-dias-apos-estar-100-garantido-no-palmeiras\/","chapeu":"E GOL DA ALEMANHA!","data":"09\/06\/2015","imagem":"https:\/\/images.futebolinterior.com.br\/2021\/04\/0002050086388_img-214x300.jpg","resumo":"Oswaldo de Oliveira n\u00e3o \u00e9 mais treinador do Palmeiras. Quatro dias depois do diretor de futebol, Alexandre Mattos, assegurar que o t\u00e9cnico estava 100% garantido."}}