{"641971":{"titulo":"Carlos S\u00e1nchez, meia da sele\u00e7\u00e3o uruguaia e do River Plate, \u00e9 o novo alvo do Corinthians","link":"https:\/\/www.futebolinterior.com.br\/carlos-sanchez-meia-da-selecao-uruguaia-e-do-river-plate-e-o-novo-alvo-do-corinthians\/","chapeu":"BOM NOME","data":"09\/06\/2015","imagem":"https:\/\/images.futebolinterior.com.br\/2021\/04\/0002050086484_img-300x205.jpg","resumo":"Al\u00e9m do atacante Teo Guti\u00e9rrez, o Tim\u00e3o est\u00e1 de olho na contrata\u00e7\u00e3o do meia Carlos S\u00e1nchez"},"641987":{"titulo":"Paulo Miranda sofre estiramento e vira desfalque no S\u00e3o Paulo","link":"https:\/\/www.futebolinterior.com.br\/paulo-miranda-sofre-estiramento-e-vira-desfalque-no-sao-paulo\/","chapeu":"BAIXA","data":"09\/06\/2015","imagem":"https:\/\/images.futebolinterior.com.br\/2021\/04\/0002050086482_img-300x193.jpg","resumo":"O jogador j\u00e1 foi desfalque no \u00faltimo s\u00e1bado, contra o Gr\u00eamio, e, como virou baixa, deve dar lugar a Rafael Toloi"},"641993":{"titulo":"Conselho de gest\u00e3o do Flamengo, a \"turma da alm\u00f4ndega\", assume o comando do futebol","link":"https:\/\/www.futebolinterior.com.br\/conselho-de-gestao-do-flamengo-a-turma-da-almondega-assume-o-comando-do-futebol\/","chapeu":"SURPRESA?","data":"09\/06\/2015","imagem":"https:\/\/images.futebolinterior.com.br\/2021\/04\/0002050086478_img.jpg","resumo":"A extin\u00e7\u00e3o do cargo de Wrobel pegou os jogadores de surpresa, de acordo com o volante Luiz Ant\u00f4nio"},"641999":{"titulo":"Corinthians pode contratar Andr\u00e9, atacante baladeiro, do Atl\u00e9tico-MG","link":"https:\/\/www.futebolinterior.com.br\/corinthians-pode-contratar-andre-atacante-baladeiro-do-atletico-mg\/","chapeu":"REFOR\u00c7O?","data":"09\/06\/2015","imagem":"https:\/\/images.futebolinterior.com.br\/2021\/04\/0002050086469_img-300x200.jpg","resumo":"Al\u00e9m do Tim\u00e3o, o jogador chegou a ser oferecido para Coritiba, Santos, Flamengo e Sport"},"642007":{"titulo":"Exame confirma les\u00e3o muscular e Fred \u00e9 d\u00favida do Fluminense contra o Palmeiras","link":"https:\/\/www.futebolinterior.com.br\/exame-confirma-lesao-muscular-e-fred-e-duvida-do-fluminense-contra-o-palmeiras\/","chapeu":"DESFALQUE IMPORTANTE!","data":"09\/06\/2015","imagem":"https:\/\/images.futebolinterior.com.br\/2021\/04\/0002050086462_img-300x171.jpg","resumo":"Os m\u00e9dicos do clube, por\u00e9m, n\u00e3o souberam informar quanto tempo o capit\u00e3o da equipe precisar\u00e1 para se recuperar"},"642001":{"titulo":"Atl\u00e9tico-MG perde atacante Luan e Levir Culpi faz mist\u00e9rio para buscar reabilita\u00e7\u00e3o no Independ\u00eancia","link":"https:\/\/www.futebolinterior.com.br\/atletico-mg-perde-atacante-luan-e-levir-culpi-faz-misterio-para-buscar-reabilitacao-no-independencia\/","chapeu":"DESFALQUE","data":"09\/06\/2015","imagem":0,"resumo":"O atacante Luan foi cortado da partida do Atl\u00e9tico Mineiro contra o Santos, nesta quarta-feira, no Independ\u00eancia"},"642009":{"titulo":"Na degola, Coritiba confirma contrata\u00e7\u00e3o de Esquerdinha","link":"https:\/\/www.futebolinterior.com.br\/na-degola-coritiba-confirma-contratacao-de-esquerdinha\/","chapeu":"BOM REFOR\u00c7O","data":"09\/06\/2015","imagem":"https:\/\/images.futebolinterior.com.br\/2021\/04\/0002050086457_img-300x179.jpg","resumo":"Ap\u00f3s confirmar o experiente L\u00facio Fl\u00e1vio, a diretoria oficializou a contrata\u00e7\u00e3o do meia Esquerdinha, que estava no Goi\u00e1s"},"642024":{"titulo":"D'Alessandro volta aos treinos, mas ainda n\u00e3o pode jogar pelo Internacional","link":"https:\/\/www.futebolinterior.com.br\/dalessandro-volta-aos-treinos-mas-ainda-nao-pode-jogar-pelo-internacional\/","chapeu":"OLHA ELE A\u00cd!","data":"09\/06\/2015","imagem":"https:\/\/images.futebolinterior.com.br\/2021\/04\/0002050086454_img-300x169.jpg","resumo":"O jogador operou o dedo anelar da m\u00e3o direita em 28 de maio, quando a previs\u00e3o de retorno aos gramados era de um m\u00eas"},"642019":{"titulo":"Douglas treina em dois per\u00edodos e deve refor\u00e7ar Gr\u00eamio contra Atl\u00e9tico-PR","link":"https:\/\/www.futebolinterior.com.br\/douglas-treina-em-dois-periodos-e-deve-reforcar-gremio-contra-atletico-pr\/","chapeu":"VOLTANDO!","data":"09\/06\/2015","imagem":"https:\/\/images.futebolinterior.com.br\/2021\/04\/0002050086455_img-300x157.jpg","resumo":"Roger Machado pode ter tamb\u00e9m o refor\u00e7o do lateral-direito Galhardo, que desfalcou a equipe na partida contra o S\u00e3o Paulo"},"642015":{"titulo":"Santos confirma empr\u00e9stimo de Jubal para Ava\u00ed","link":"https:\/\/www.futebolinterior.com.br\/santos-confirma-emprestimo-de-jubal-para-avai\/","chapeu":"TCHAU","data":"09\/06\/2015","imagem":"https:\/\/images.futebolinterior.com.br\/2021\/04\/0002050086452_img-300x163.jpg","resumo":"O Santos confirmou nesta ter\u00e7a-feira a sa\u00edda de Jubal para o Ava\u00ed, que tamb\u00e9m disputa a elite do Campeonato Brasileiro"}}