{"641911":{"titulo":"Palmeiras espera fechar com Marcelo Oliveira at\u00e9 o fim da semana","link":"https:\/\/www.futebolinterior.com.br\/palmeiras-espera-fechar-com-marcelo-oliveira-ate-o-fim-da-semana\/","chapeu":"QUEST\u00c3O DE TEMPO","data":"10\/06\/2015","imagem":"https:\/\/images.futebolinterior.com.br\/2021\/04\/0002050086545_img-300x187.jpg","resumo":"Antes mesmo do an\u00fancio oficial da queda de Oswaldo, o Palmeiras j\u00e1 tinha enviado uma proposta para Marcelo Oliveira"},"641926":{"titulo":"Novo teto salarial do Corinthians passa a ser de R$ 250 mil","link":"https:\/\/www.futebolinterior.com.br\/novo-teto-salarial-do-corinthians-passa-a-ser-de-r-250-mil\/","chapeu":"CRISE NO PARQUE","data":"10\/06\/2015","imagem":"https:\/\/images.futebolinterior.com.br\/2021\/04\/0002050086540_img-300x171.jpg","resumo":"N\u00e3o ser\u00e3o mais assinados contratos com sal\u00e1rios na faixa de R$ 500 mil. \u00c9 por isso que Emerson e Guerrero foram liberados"},"641920":{"titulo":"S\u00e3o Paulo sonha com arrancada nas dez primeiras rodadas do Brasileir\u00e3o","link":"https:\/\/www.futebolinterior.com.br\/sao-paulo-sonha-com-arrancada-nas-dez-primeiras-rodadas-do-brasileirao\/","chapeu":"ANIMADO","data":"10\/06\/2015","imagem":"https:\/\/images.futebolinterior.com.br\/2021\/04\/0002050086538_img-300x186.png","resumo":"Curiosamente, na d\u00e9cima rodada o S\u00e3o Paulo tem um confronto direto contra o atual l\u00edder"},"641935":{"titulo":"Del Nero nega ren\u00fancia em audi\u00eancia no Congresso: 'Vou at\u00e9 o fim do meu mandato'. Veja o v\u00eddeo!","link":"https:\/\/www.futebolinterior.com.br\/del-nero-nega-renuncia-em-audiencia-no-congresso-vou-ate-o-fim-do-meu-mandato-veja-o-video\/","chapeu":"N\u00c3O SAIO!","data":"10\/06\/2015","imagem":0,"resumo":"Presidente realizou sabatina na C\u00e2mara e teve de responder at\u00e9 sobre o 7 a 1 contra a Alemanha"},"641938":{"titulo":"Atl\u00e9tico-MG x Santos - Vai ligar o sinal de alerta no Peixe, Galo?","link":"https:\/\/www.futebolinterior.com.br\/atletico-mg-x-santos-vai-ligar-o-sinal-de-alerta-no-peixe-galo\/","chapeu":"QUEM LEVA?","data":"09\/06\/2015","imagem":"https:\/\/images.futebolinterior.com.br\/2021\/04\/0002050086529_img-300x169.jpg","resumo":"O clube mineiro tenta esquecer a derrota no cl\u00e1ssico para entrar novamente na briga pelo G4, enquanto que o clube paulista busca a reabilita\u00e7\u00e3o"},"642003":{"titulo":"Oswaldo culpa press\u00e3o externa por demiss\u00e3o do Palmeiras. VEJA O V\u00cdDEO!","link":"https:\/\/www.futebolinterior.com.br\/oswaldo-culpa-pressao-externa-por-demissao-do-palmeiras-veja-o-video\/","chapeu":"QUERIA O QUE?","data":"09\/06\/2015","imagem":0,"resumo":"O treinador deve ser substitu\u00eddo por Marcelo Oliveira, ex-Cruzeiro"},"642026":{"titulo":"Paulo Nobre explica a demiss\u00e3o de Oswaldo de Oliveira no Palmeiras. Veja o v\u00eddeo!","link":"https:\/\/www.futebolinterior.com.br\/paulo-nobre-explica-a-demissao-de-oswaldo-de-oliveira-no-palmeiras-veja-o-video\/","chapeu":"REALIDADE!","data":"09\/06\/2015","imagem":0,"resumo":"O prov\u00e1vel substituto tem tudo para ser Marcelo Oliveira, desempregado desde que deixou o Cruzeiro"},"641952":{"titulo":"Atl\u00e9tico Mineiro n\u00e3o perde para o Santos h\u00e1 quase 8 anos em casa pelo Brasileir\u00e3o","link":"https:\/\/www.futebolinterior.com.br\/atletico-mineiro-nao-perde-para-o-santos-ha-quase-8-anos-em-casa-pelo-brasileirao\/","chapeu":"TABU DO GALO","data":"09\/06\/2015","imagem":"https:\/\/images.futebolinterior.com.br\/2021\/04\/0002050086510_img-300x200.jpg","resumo":" Na rodada anterior, o Galo perdeu de virada para o arquirrival Cruzeiro, 3 a 1, no Independ\u00eancia. O Peixe empatou em casa com a Ponte Preta por 2 a 2."},"641958":{"titulo":"S\u00e9rie B: Ex-volante de Palmeiras e Vasco, Sandro Silva \u00e9 apresentado no Bragantino","link":"https:\/\/www.futebolinterior.com.br\/serie-b-ex-volante-de-palmeiras-e-vasco-sandro-silva-e-apresentado-no-bragantino\/","chapeu":"FECHOU!","data":"09\/06\/2015","imagem":"https:\/\/images.futebolinterior.com.br\/2021\/04\/0002050086500_img-300x141.jpg","resumo":"O jogador foi cedido por empr\u00e9stimo pelo Trem Bala da Colina at\u00e9 o final da temporada"},"641964":{"titulo":"Atl\u00e9tico-PR encaminha acerto com zagueiro Nathan do Palmeiras","link":"https:\/\/www.futebolinterior.com.br\/atletico-pr-encaminha-acerto-com-zagueiro-nathan-do-palmeiras\/","chapeu":"FALTA ASSINAR!","data":"09\/06\/2015","imagem":"https:\/\/images.futebolinterior.com.br\/2021\/04\/0002050086497_img-300x169.jpg","resumo":"O Furac\u00e3o \u00e9 o atual l\u00edder do Brasileir\u00e3o com 15 pontos dos 18 poss\u00edveis"}}