{"641618":{"titulo":"D\u00f3ria usa nascimento da filha como trunfo para ficar no S\u00e3o Paulo","link":"https:\/\/www.futebolinterior.com.br\/doria-usa-nascimento-da-filha-como-trunfo-para-ficar-no-sao-paulo\/","chapeu":"CONTRATO ACABANDO...","data":"11\/06\/2015","imagem":"https:\/\/images.futebolinterior.com.br\/2021\/04\/0002050086788_img-300x183.jpg","resumo":"O m\u00eas de junho ser\u00e1 decisivo para a carreira do zagueiro D\u00f3ria. O per\u00edodo de empr\u00e9stimo ao S\u00e3o Paulo termina no dia 30 e por mais que o acordo com o Olympique de Marselha"},"641609":{"titulo":"Fluminense pode fazer proposta por Dentinho, marido da Mulher Samambaia","link":"https:\/\/www.futebolinterior.com.br\/fluminense-pode-fazer-proposta-por-dentinho-marido-da-mulher-samambaia\/","chapeu":"INTERESSE","data":"11\/06\/2015","imagem":"https:\/\/images.futebolinterior.com.br\/2021\/04\/0002050086780_img-300x300.jpg","resumo":"Por enquanto sua contrata\u00e7\u00e3o \u00e9 apenas discutida verbalmente entre os dirigentes nas Laranjeiras"},"641625":{"titulo":"Ap\u00f3s empate, Levir Culpi defende esquema ofensivo do Atl\u00e9tico-MG","link":"https:\/\/www.futebolinterior.com.br\/apos-empate-levir-culpi-defende-esquema-ofensivo-do-atletico-mg\/","chapeu":"TUDO CERTO!","data":"11\/06\/2015","imagem":"https:\/\/images.futebolinterior.com.br\/2021\/04\/0002050086776_img-300x200.jpg","resumo":"O t\u00e9cnico Levir Culpi minimizou as cr\u00edticas ao sistema defensivo do Atl\u00e9tico Mineiro ap\u00f3s o empate por 2 a 2 com o Santos, na noite de quarta-feira, no Independ\u00eancia"},"641630":{"titulo":"'Esquecidos' por Oswaldo de Oliveira ganham novo \u00e2nimo no Palmeiras","link":"https:\/\/www.futebolinterior.com.br\/esquecidos-por-oswaldo-de-oliveira-ganham-novo-animo-no-palmeiras\/","chapeu":"OPORTUNIDADE","data":"11\/06\/2015","imagem":"https:\/\/images.futebolinterior.com.br\/2021\/04\/0002050086773_img-300x185.jpg","resumo":"Cleiton Xavier disse, ap\u00f3s o jogo contra o Figueirense, que est\u00e1 bem fisicamente e s\u00f3 precisa de ritmo de jogo para conseguir desempenhar um bom papel"},"641637":{"titulo":"Com aproveitamento de rebaixado como visitante em 2015, S\u00e3o Paulo busca melhora","link":"https:\/\/www.futebolinterior.com.br\/com-aproveitamento-de-rebaixado-como-visitante-em-2015-sao-paulo-busca-melhora\/","chapeu":"P\u00c9S NO CH\u00c3O","data":"11\/06\/2015","imagem":"https:\/\/images.futebolinterior.com.br\/2021\/04\/0002050086766_img-300x186.png","resumo":"Osorio \u00e9 o terceiro t\u00e9cnico do time no ano e tem a miss\u00e3o de resolver a cr\u00f4nico problema das atua\u00e7\u00f5es ruins fora de casa"},"641640":{"titulo":"Santos minimiza empate e refor\u00e7a apoio a Marcelo Fernandes","link":"https:\/\/www.futebolinterior.com.br\/santos-minimiza-empate-e-reforca-apoio-a-marcelo-fernandes\/","chapeu":"ELE FICA","data":"11\/06\/2015","imagem":"https:\/\/images.futebolinterior.com.br\/2021\/04\/0002050086764_img-300x163.jpg","resumo":"O Santos continua apenas duas posi\u00e7\u00f5es acima da zona de rebaixamento e pode terminar a rodada nas quatro \u00faltimas coloca\u00e7\u00f5es caso Flamengo e Palmeiras ven\u00e7am"},"641667":{"titulo":"Marcelo Fernandes critica CBF pela les\u00e3o de Elano no jogo do Santos contra o Atl\u00e9tico-MG","link":"https:\/\/www.futebolinterior.com.br\/marcelo-fernandes-critica-cbf-pela-lesao-de-elano-no-jogo-do-santos-contra-o-atletico-mg\/","chapeu":"COMO ASSIM?","data":"10\/06\/2015","imagem":"https:\/\/images.futebolinterior.com.br\/2021\/04\/0002050086728_img-300x221.jpg","resumo":" Pressionado pela c\u00fapula do Santos e cada vez mais perto da demiss\u00e3o do comando t\u00e9cnico, Marcelo Fernandes est\u00e1 deixando a sua ira transparecer nas entrevistas coletivas"},"641671":{"titulo":"T\u00e9cnico do Atl\u00e9tico-MG, Levir Culpi volta a ser chamado de burro e ironiza: \u201cerra, vaia. Acerta, bate palma\u201d","link":"https:\/\/www.futebolinterior.com.br\/tecnico-do-atletico-mg-levir-culpi-volta-a-ser-chamado-de-burro-e-ironiza-erra-vaia-acerta-bate-palma\/","chapeu":"BURRO COM SORTE?","data":"10\/06\/2015","imagem":"https:\/\/images.futebolinterior.com.br\/2021\/04\/0002050086727_img.jpg","resumo":" Considerado por muitos um dos melhores t\u00e9cnicos do Brasil na atualidade, Levir Culpi n\u00e3o est\u00e1 livre da ira dos torcedores do Atl\u00e9tico-MG."},"641673":{"titulo":"Mario S\u00e9rgio, ex-treinador do Corinthians, polemiza: \"Messi vive de lampejos, n\u00e3o \u00e9 como Marcelinho Carioca\"","link":"https:\/\/www.futebolinterior.com.br\/mario-sergio-ex-treinador-do-corinthians-polemiza-messi-vive-de-lampejos-nao-e-como-marcelinho-carioca\/","chapeu":"\u00c9 S\u00c9RIO?","data":"10\/06\/2015","imagem":"https:\/\/images.futebolinterior.com.br\/2021\/04\/0002050086724_img-300x176.jpg","resumo":"Comentarista da Fox Sports disse que o ex-meia do Corinthians era mais participativo que o argentino"},"641675":{"titulo":"Manchester United manda olheiro para observar Rodrigo Dourado, destaque do Inter","link":"https:\/\/www.futebolinterior.com.br\/manchester-united-manda-olheiro-para-observar-rodrigo-dourado-destaque-do-inter\/","chapeu":"DE OLHO...","data":"10\/06\/2015","imagem":"https:\/\/images.futebolinterior.com.br\/2021\/04\/0002050086719_img-300x193.jpg","resumo":"Jogador chamou aten\u00e7\u00e3o pelas boas atua\u00e7\u00f5es na Libertadores"}}