{"641490":{"titulo":"Chapecoense quer \"aten\u00e7\u00e3o total\" para frear arrancada do S\u00e3o Paulo","link":"https:\/\/www.futebolinterior.com.br\/chapecoense-quer-atencao-total-para-frear-arrancada-do-sao-paulo\/","chapeu":"TODO CUIDADO!","data":"11\/06\/2015","imagem":"https:\/\/images.futebolinterior.com.br\/2021\/04\/0002050086900_img-300x200.jpg","resumo":"Com nove pontos, a Chapecoense \u00e9 a nona colocada do Campeonato Brasileiro. O S\u00e3o Paulo, com 13, est\u00e1 na segunda posi\u00e7\u00e3o. "},"641527":{"titulo":"Valdivia e Vitinho s\u00e3o d\u00favidas e Aguirre arma o Inter com mudan\u00e7as","link":"https:\/\/www.futebolinterior.com.br\/valdivia-e-vitinho-sao-duvidas-e-aguirre-arma-o-inter-com-mudancas\/","chapeu":"ROD\u00cdZIO GARANTIDO!","data":"11\/06\/2015","imagem":"https:\/\/images.futebolinterior.com.br\/2021\/04\/0002050086898_img-300x190.jpg","resumo":"Como j\u00e1 se tornou comum desde que chegou ao Beira-Rio, o t\u00e9cnico Diego Aguirre deve escalar o Internacional diante do Corinthians. Vald\u00edvia e Vitinho podem ficar fora."},"641512":{"titulo":"Palmeiras \u201cpassa perna\u201d na Ponte e deve contratar Rafael Marques, do Hellas Verona","link":"https:\/\/www.futebolinterior.com.br\/palmeiras-passa-perna-na-ponte-e-deve-contratar-rafael-marques-do-hellas-verona\/","chapeu":"NOVO XERIF\u00c3O?","data":"11\/06\/2015","imagem":"https:\/\/images.futebolinterior.com.br\/2021\/04\/0002050086882_img-300x196.jpg","resumo":"Palmeiras \u201cpassa perna\u201d na Ponte e deve contratar Rafael Marques, do Hellas Verona"},"641547":{"titulo":"Osorio usa 'bonecos' em treino t\u00e1tico, mas esconde time titular do S\u00e3o Paulo","link":"https:\/\/www.futebolinterior.com.br\/osorio-usa-bonecos-em-treino-tatico-mas-esconde-time-titular-do-sao-paulo\/","chapeu":"DIFERENCIADO","data":"11\/06\/2015","imagem":"https:\/\/images.futebolinterior.com.br\/2021\/04\/0002050086891_img-300x186.jpg","resumo":"A estacas foram vestidas de coletes e simulavam o posicionamento do time catarinense, com quatro defensores e tr\u00eas volantes"},"641580":{"titulo":"Ponte Preta repatria \u00c9lton, ex-Internacional, para o Brasileir\u00e3o","link":"https:\/\/www.futebolinterior.com.br\/ponte-preta-repatria-elton-ex-internacional-para-o-brasileirao\/","chapeu":"NOVIDADE!","data":"11\/06\/2015","imagem":"https:\/\/images.futebolinterior.com.br\/2021\/04\/0002050086803_img-300x152.jpg","resumo":"A Ponte Preta acertou a contrata\u00e7\u00e3o de mais um velho conhecido para o Campeonato Brasileiro. Na manh\u00e3 desta quinta-feira, a Macaca fechou com o volante \u00c9lton."},"641577":{"titulo":"Campe\u00e3o como jogador e t\u00e9cnico, Pintado analisa propostas no mercado da bola","link":"https:\/\/www.futebolinterior.com.br\/campeao-como-jogador-e-tecnico-pintado-analisa-propostas-no-mercado-da-bola\/","chapeu":"DE SOBRA!","data":"11\/06\/2015","imagem":"https:\/\/images.futebolinterior.com.br\/2021\/04\/0002050086804_img-225x300.jpg","resumo":"No M\u00e9xico, ele foi campe\u00e3o da Liga dos Campe\u00f5es da Concacaf em 2014 e 3\u00ba colocado no Mundial de Clubes da FIFA no mesmo ano"},"641589":{"titulo":"Gr\u00eamio oficializa lateral-direito Lucas Ramon, do Londrina, da S\u00e9rie C","link":"https:\/\/www.futebolinterior.com.br\/gremio-oficializa-lateral-direito-lucas-ramon-do-londrina-da-serie-c\/","chapeu":"J\u00c1 TREINOU","data":"11\/06\/2015","imagem":"https:\/\/images.futebolinterior.com.br\/2021\/04\/0002050086800_img-300x204.jpg","resumo":"Formado nas categorias de base do Gr\u00eamio, Lucas Ramon, de 21 anos, atuou entre os profissionais do clube paranaense desde 2013"},"641592":{"titulo":"Santos sonda Seedorf e Roberto Carlos para substituir Marcelo Fernandes","link":"https:\/\/www.futebolinterior.com.br\/santos-sonda-seedorf-e-roberto-carlos-para-substituir-marcelo-fernandes\/","chapeu":"DE OLHO!","data":"11\/06\/2015","imagem":"https:\/\/images.futebolinterior.com.br\/2021\/04\/0002050086794_img-300x225.jpg","resumo":"Com Marcelo Fernandes na berlinda pela falta de resultados, a diretoria do Santos sonda Seedorf, ex-t\u00e9cnico do Milan, e Roberto Carlos, ex-treinador do Sivasspor, da Turquia. "},"641596":{"titulo":"Ap\u00f3s Rodrigo Caio, S\u00e3o Paulo negocia Denilson com Al Wahda por R$ 11 milh\u00f5es","link":"https:\/\/www.futebolinterior.com.br\/apos-rodrigo-caio-sao-paulo-negocia-denilson-com-al-wahda-por-r-11-milhoes\/","chapeu":"MERCAD\u00c3O TRICOLOR!","data":"11\/06\/2015","imagem":"https:\/\/images.futebolinterior.com.br\/2021\/04\/0002050086793_img-300x157.jpg","resumo":"O S\u00e3o Paulo negocia com o Al Wahda, dos Emirados \u00c1rabes Unidos, a transfer\u00eancia do volante Denilson, que estava no Arsenal."},"641601":{"titulo":"Ponte Preta apresenta projeto em parceria com Juventus-ITA","link":"https:\/\/www.futebolinterior.com.br\/ponte-preta-apresenta-projeto-em-parceria-com-juventus-ita\/","chapeu":"PARCERIA ALVINEGRA!","data":"11\/06\/2015","imagem":"https:\/\/images.futebolinterior.com.br\/2021\/04\/0002050086783_img-300x153.jpg","resumo":"Na manh\u00e3 desta quinta-feira, a Ponte Preta apresentou um projeto em conjunto com a Juventus-ITA, atual vice-campe\u00e3 da Liga dos Campe\u00f5es e tetracampe\u00e3 italiana."}}