{"641438":{"titulo":"Ex-cruzeirense Lucas Silva visita Toca da Raposa e anima treino","link":"https:\/\/www.futebolinterior.com.br\/ex-cruzeirense-lucas-silva-visita-toca-da-raposa-e-anima-treino\/","chapeu":"VISITA ILUSTRE","data":"11\/06\/2015","imagem":"https:\/\/images.futebolinterior.com.br\/2021\/04\/0002050086953_img-300x225.jpg","resumo":"Em bom momento ap\u00f3s as vit\u00f3rias sobre Flamengo e Atl\u00e9tico-MG, os jogadores do Cruzeiro tiveram mais um motivo para se animarem no treino desta quinta-feira"},"641436":{"titulo":"Petros refuta favoritismo no Brasileiro e v\u00ea Corinthians como 'equipe mediana'","link":"https:\/\/www.futebolinterior.com.br\/petros-refuta-favoritismo-no-brasileiro-e-ve-corinthians-como-equipe-mediana\/","chapeu":"FALOU TUDO!","data":"11\/06\/2015","imagem":"https:\/\/images.futebolinterior.com.br\/2021\/04\/0002050086954_img-300x169.jpg","resumo":"O jogador ser\u00e1 titular s\u00e1bado, contra o Internacional, no Itaquer\u00e3o"},"641434":{"titulo":"S\u00e9rie B: Vit\u00f3ria tenta contrata\u00e7\u00e3o de Douglas Grolli, encostado no Cruzeiro","link":"https:\/\/www.futebolinterior.com.br\/serie-b-vitoria-tenta-contratacao-de-douglas-grolli-encostado-no-cruzeiro\/","chapeu":"DE OLHO...","data":"11\/06\/2015","imagem":"https:\/\/images.futebolinterior.com.br\/2021\/04\/0002050086947_img-300x225.jpg","resumo":"Time mineiro, no entanto, n\u00e3o est\u00e1 disposto a liberar jogador"},"641445":{"titulo":"Seedorf nega procura do Santos e Oswaldo de Oliveira, ex-Palmeiras, \u00e9 sondado","link":"https:\/\/www.futebolinterior.com.br\/seedorf-nega-procura-do-santos-e-oswaldo-de-oliveira-ex-palmeiras-e-sondado\/","chapeu":"QUEM CHEGA?","data":"11\/06\/2015","imagem":"https:\/\/images.futebolinterior.com.br\/2021\/04\/0002050086941_img-300x200.jpg","resumo":"Marcelo Fernades est\u00e1 com a corda no pesco\u00e7o e pode cair em caso de derrota para o Corinthians"},"641455":{"titulo":"Ponte Preta estuda homenagem para Renato Caj\u00e1. Ele fica?","link":"https:\/\/www.futebolinterior.com.br\/ponte-preta-estuda-homenagem-para-renato-caja-ele-fica\/","chapeu":"GOL DE PLACA!","data":"11\/06\/2015","imagem":"https:\/\/images.futebolinterior.com.br\/2021\/04\/0002050086935_img-300x257.jpg","resumo":"A Ponte Preta estuda uma homenagem ao meia Renato Caj\u00e1, pelo gola\u00e7o contra a Chapecoense. Homenagem deve ser no amistoso contra o Fort Lauderdale Strikers-EUA, de Ronaldo Fen\u00f4meno"},"641463":{"titulo":"S\u00e3o Paulo recusa proposta de time \u00e1rabe por Denilson ap\u00f3s pedido de Osorio","link":"https:\/\/www.futebolinterior.com.br\/sao-paulo-recusa-proposta-de-time-arabe-por-denilson-apos-pedido-de-osorio\/","chapeu":"ELE FICA","data":"11\/06\/2015","imagem":"https:\/\/images.futebolinterior.com.br\/2021\/04\/0002050086934_img-300x193.jpg","resumo":"O S\u00e3o Paulo n\u00e3o aceitou liberar o volante Denilson para o Al Wahda, dos Emirados \u00c1rabes Unidos."},"641484":{"titulo":"Z\u00e9 Roberto admite que Palmeiras fez 'jogos rid\u00edculos' na temporada","link":"https:\/\/www.futebolinterior.com.br\/ze-roberto-admite-que-palmeiras-fez-jogos-ridiculos-na-temporada\/","chapeu":"E A EMPOLGA\u00c7\u00c3O?","data":"11\/06\/2015","imagem":"https:\/\/images.futebolinterior.com.br\/2021\/04\/0002050086927_img-278x300.jpg","resumo":"Jogador mais experiente do elenco do Palmeiras, o meia Z\u00e9 Roberto evitou entrar em pol\u00eamica sobre a demiss\u00e3o do t\u00e9cnico Oswaldo de Oliveira e pediu apenas que o novo treinador"},"641476":{"titulo":"Eltinho avalia campanha do Ava\u00ed e projeta cl\u00e1ssico contra Figueirense no Brasileir\u00e3o","link":"https:\/\/www.futebolinterior.com.br\/eltinho-avalia-campanha-do-avai-e-projeta-classico-contra-figueirense-no-brasileirao\/","chapeu":"EXPECTATIVA!","data":"11\/06\/2015","imagem":"https:\/\/images.futebolinterior.com.br\/2021\/04\/0002050086919_img-300x200.jpg","resumo":"O lateral Eltinho do Ava\u00ed sabe muito bem como \u00e9 o contra Figueirense acontece neste domingo, \u00e0s 16 horas, no est\u00e1dio da Ressacada."},"641500":{"titulo":"Senado do Paraguai revoga lei de imunidade da sede da Conmebol","link":"https:\/\/www.futebolinterior.com.br\/senado-do-paraguai-revoga-lei-de-imunidade-da-sede-da-conmebol\/","chapeu":"COM MEDO?","data":"11\/06\/2015","imagem":"https:\/\/images.futebolinterior.com.br\/2021\/04\/0002050086917_img-300x224.jpg","resumo":"O Senado do Paraguai revogou nesta quinta-feira a lei que d\u00e1 imunidade diplom\u00e1tica \u00e0 sede da Conmebol"},"641517":{"titulo":"Palmeiras confirma contrata\u00e7\u00e3o do atacante Alecsandro","link":"https:\/\/www.futebolinterior.com.br\/palmeiras-confirma-contratacao-do-atacante-alecsandro\/","chapeu":"ENFIM!","data":"11\/06\/2015","imagem":"https:\/\/images.futebolinterior.com.br\/2021\/04\/0002050086904_img-263x300.jpg","resumo":"Apesar da experi\u00eancia, ser\u00e1 a primeira vez que o atacante atuar\u00e1 em um clube da capital paulista"}}