{"641356":{"titulo":"Agora vai? Santos acerta com Oswaldo de Oliveira e an\u00fancio deve acontecer nesta sexta","link":"https:\/\/www.futebolinterior.com.br\/agora-vai-santos-acerta-com-oswaldo-de-oliveira-e-anuncio-deve-acontecer-nesta-sexta\/","chapeu":"BOA CARTADA?","data":"12\/06\/2015","imagem":"https:\/\/images.futebolinterior.com.br\/2021\/04\/0002050087054_img-300x203.jpg","resumo":"O treinador volta ao Peixe, ap\u00f3s criticar o clube abertamente por sua demiss\u00e3o em 2014"},"641362":{"titulo":"Osorio traz treinos diferentes e inova a rotina do S\u00e3o Paulo","link":"https:\/\/www.futebolinterior.com.br\/osorio-traz-treinos-diferentes-e-inova-a-rotina-do-sao-paulo\/","chapeu":"BOTANDO ORDEM!","data":"12\/06\/2015","imagem":"https:\/\/images.futebolinterior.com.br\/2021\/04\/0002050087024_img-300x169.jpg","resumo":"Na \u00faltima quinta-feira, o treinador simulou com \"bonecos\" o posicionamento advers\u00e1rio e exigiu viradas de jogo e tabelas"},"641364":{"titulo":"Crise financeira leva Corinthians a integrar a base com o profissional","link":"https:\/\/www.futebolinterior.com.br\/crise-financeira-leva-corinthians-a-integrar-a-base-com-o-profissional\/","chapeu":"S\u00d3 AGORA?","data":"12\/06\/2015","imagem":"https:\/\/images.futebolinterior.com.br\/2021\/04\/0002050087023_img-300x171.jpg","resumo":"Os meias Matheus Pereira, Fabr\u00edcio e Pedro, campe\u00f5es mundiais sub-17, por exemplo, passaram a treinar com o grupo de cima"},"641375":{"titulo":"Sem receber de S\u00e3o Paulo e Corinthians, Pato tenta rescis\u00e3o na Justi\u00e7a","link":"https:\/\/www.futebolinterior.com.br\/sem-receber-de-sao-paulo-e-corinthians-pato-tenta-rescisao-na-justica\/","chapeu":"RINDO \u00c0 TOA?","data":"11\/06\/2015","imagem":"https:\/\/images.futebolinterior.com.br\/2021\/04\/0002050087016_img-300x225.jpg","resumo":"Jogador cobra mais de dez meses de direitos atrasados do Tim\u00e3o"},"641404":{"titulo":"Montoya deixa o Vasco para o futebol portugu\u00eas e Doriva prega cautela","link":"https:\/\/www.futebolinterior.com.br\/montoya-deixa-o-vasco-para-o-futebol-portugues-e-doriva-prega-cautela\/","chapeu":"ADEUS","data":"11\/06\/2015","imagem":"https:\/\/images.futebolinterior.com.br\/2021\/04\/0002050086968_img-300x200.jpg","resumo":"Pouco aproveitado pelo Vasco em 2015, o meia colombiano Montoya foi apresentado oficialmente nesta quinta-feira como refor\u00e7o do Vit\u00f3ria de Guimar\u00e3es"},"641406":{"titulo":"Leandro Almeida, do Coritiba, alega les\u00e3o na coxa e espera fechar com o Palmeiras","link":"https:\/\/www.futebolinterior.com.br\/leandro-almeida-do-coritiba-alega-lesao-na-coxa-e-espera-fechar-com-o-palmeiras\/","chapeu":"VAI OU FICA?","data":"11\/06\/2015","imagem":"https:\/\/images.futebolinterior.com.br\/2021\/04\/0002050086967_img-300x189.jpg","resumo":"O jogador n\u00e3o far\u00e1 o s\u00e9timo jogo pelo clube paranaense, o que indica que pode estar de sa\u00edda"},"641416":{"titulo":"Luan volta a treinar e deve refor\u00e7ar Gr\u00eamio contra o l\u00edder Atl\u00e9tico-PR","link":"https:\/\/www.futebolinterior.com.br\/luan-volta-a-treinar-e-deve-reforcar-gremio-contra-o-lider-atletico-pr\/","chapeu":"REFOR\u00c7O","data":"11\/06\/2015","imagem":"https:\/\/images.futebolinterior.com.br\/2021\/04\/0002050086966_img-300x177.jpg","resumo":"Luan se ausentara dos primeiros treinos da semana devido a uma gastrite"},"641418":{"titulo":"Substituto de Fred, Magno Alves pode ser titular pela 1\u00aa vez em volta ao Flu","link":"https:\/\/www.futebolinterior.com.br\/substituto-de-fred-magno-alves-pode-ser-titular-pela-1a-vez-em-volta-ao-flu\/","chapeu":"CHEGOU A HORA!","data":"11\/06\/2015","imagem":"https:\/\/images.futebolinterior.com.br\/2021\/04\/0002050086964_img-300x177.jpg","resumo":"O Tricolor enfrentar\u00e1 o Palmeiras, na Arena Palestra, na pr\u00f3xima rodada do Brasileir\u00e3o"},"641414":{"titulo":"Palmeiras manda Mattos \u00e0 Alemanha para fechar com atacante Barrios","link":"https:\/\/www.futebolinterior.com.br\/palmeiras-manda-mattos-a-alemanha-para-fechar-com-atacante-barrios\/","chapeu":"AGORA VAI?","data":"11\/06\/2015","imagem":"https:\/\/images.futebolinterior.com.br\/2021\/04\/0002050086960_img-300x163.jpg","resumo":"A decis\u00e3o, por\u00e9m, deve ser firmada apenas ap\u00f3s a disputa da Copa Am\u00e9rica"},"641422":{"titulo":"Flamengo anuncia oficialmente meia Alan Patrick e lateral Ayrton, ex-Palmeiras","link":"https:\/\/www.futebolinterior.com.br\/flamengo-anuncia-oficialmente-meia-alan-patrick-e-lateral-ayrton-ex-palmeiras\/","chapeu":"CHAGARAM","data":"11\/06\/2015","imagem":"https:\/\/images.futebolinterior.com.br\/2021\/04\/0002050086955_img-300x200.jpg","resumo":"T\u00e9cnico Crist\u00f3v\u00e3o Borges elogiou a chegada dos refor\u00e7os"}}