{"641280":{"titulo":"Flamengo apresenta Ayrton e Alan Patrick; dupla pode estrear no final de semana","link":"https:\/\/www.futebolinterior.com.br\/flamengo-apresenta-ayrton-e-alan-patrick-dupla-pode-estrear-no-final-de-semana\/","chapeu":"NOVIDADES","data":"12\/06\/2015","imagem":"https:\/\/images.futebolinterior.com.br\/2021\/04\/0002050087101_img-300x198.jpg","resumo":"Na expectativa de fazer a sua estreia pelo Flamengo, Alan Patrick destacou a felicidade de defender o clube de Zico"},"641294":{"titulo":"Osorio descarta Ganso de jogo, mas confirma presen\u00e7a de Pato no S\u00e3o Paulo","link":"https:\/\/www.futebolinterior.com.br\/osorio-descarta-ganso-de-jogo-mas-confirma-presenca-de-pato-no-sao-paulo\/","chapeu":"TROCA-TROCA AVI\u00c1RIO!","data":"12\/06\/2015","imagem":"https:\/\/images.futebolinterior.com.br\/2021\/04\/0002050087096_img-300x193.jpg","resumo":"Osorio descarta meia de jogo, mas confirma presen\u00e7a de atacante no S\u00e3o Paulo"},"641259":{"titulo":"Neg\u00f3cio com Oswaldo de Oliveira mela e Santos segue em busca de treinador","link":"https:\/\/www.futebolinterior.com.br\/negocio-com-oswaldo-de-oliveira-mela-e-santos-segue-em-busca-de-treinador\/","chapeu":"N\u00c3O VEM MAIS","data":"12\/06\/2015","imagem":"https:\/\/images.futebolinterior.com.br\/2021\/04\/0002050087100_img-300x155.jpg","resumo":"O Comit\u00ea chegou a discutir a contrata\u00e7\u00e3o de Oswaldo de Oliveira, ex-Palmeiras, mas acabou decidindo pela perman\u00eancia do atual treinador"},"641292":{"titulo":"Emerson Sheik receber\u00e1 homenagem, mas vai ficar fora de jogo do Corinthians","link":"https:\/\/www.futebolinterior.com.br\/emerson-sheik-recebera-homenagem-mas-vai-ficar-fora-de-jogo-do-corinthians\/","chapeu":"\u00cdDOLO FIEL!","data":"12\/06\/2015","imagem":"https:\/\/images.futebolinterior.com.br\/2021\/04\/0002050087075_img-300x248.jpg","resumo":"O atacante Emerson Sheik ser\u00e1 homenageado antes da partida contra o Internacional, neste s\u00e1bado, na Arena Corinthians, mas n\u00e3o enfrentar\u00e1 o time ga\u00facho. O atacante n\u00e3o participou"},"641296":{"titulo":"Palmeiras inaugura busto de Oberdan e tem oficializada rua Palestra It\u00e1lia","link":"https:\/\/www.futebolinterior.com.br\/palmeiras-inaugura-busto-de-oberdan-e-tem-oficializada-rua-palestra-italia\/","chapeu":"AGORA SIM!","data":"12\/06\/2015","imagem":"https:\/\/images.futebolinterior.com.br\/2021\/04\/0002050087086_img-300x169.jpg","resumo":"O evento contou com a presen\u00e7a de pol\u00edticos - entre outros, o ex-prefeito de S\u00e3o Paulo, Paulo Maluf"},"641298":{"titulo":"Ex-t\u00e9cnico do Cruzeiro, Marcelo Oliveira confirma acerto com o Palmeiras","link":"https:\/\/www.futebolinterior.com.br\/ex-tecnico-do-cruzeiro-marcelo-oliveira-confirma-acerto-com-o-palmeiras\/","chapeu":"HORA DE TRABALHAR!","data":"12\/06\/2015","imagem":"https:\/\/images.futebolinterior.com.br\/2021\/04\/0002050087066_img.png","resumo":"O jogador \u00e9 aguardado no Palestra It\u00e1lia nesta sexta-feira para a assinatura de contrato"},"641328":{"titulo":"Recuperado ap\u00f3s cirurgia no c\u00e9rebro, Cast\u00e1n \u00e9 liberado para voltar a jogar","link":"https:\/\/www.futebolinterior.com.br\/recuperado-apos-cirurgia-no-cerebro-castan-e-liberado-para-voltar-a-jogar\/","chapeu":"AP\u00d3S SUSTO...","data":"12\/06\/2015","imagem":"https:\/\/images.futebolinterior.com.br\/2021\/04\/0002050087059_img-300x221.jpg","resumo":" zagueiro Leandro Cast\u00e1n, da Roma, foi liberado pelos m\u00e9dicos para voltar a jogar futebol profissionalmente depois de ter sido submetido com sucesso, em dezembro passado"},"641344":{"titulo":"Alecsandro se despede de flamenguistas em v\u00eddeo e irrita torcedores do Palmeiras","link":"https:\/\/www.futebolinterior.com.br\/alecsandro-se-despede-de-flamenguistas-em-video-e-irrita-torcedores-do-palmeiras\/","chapeu":"PRIMEIRA POL\u00caMICA...","data":"12\/06\/2015","imagem":"https:\/\/images.futebolinterior.com.br\/2021\/04\/0002050087055_img-300x219.jpg","resumo":"O atacante Alecsandro acabou de chegar ao Palmeiras, ainda nem foi apresentado oficialmente como refor\u00e7o - algo que acontecer\u00e1 \u00e0s 14 horas desta sexta-feira -, mas j\u00e1 \u00e9 alvo de"},"641332":{"titulo":"EXCLUSIVO! Ponte Preta acerta com lateral Jeferson Recife, campe\u00e3o pelo Campinense","link":"https:\/\/www.futebolinterior.com.br\/exclusivo-ponte-preta-acerta-com-lateral-jeferson-recife-campeao-pelo-campinense\/","chapeu":"S\u00d3 NO FI!","data":"12\/06\/2015","imagem":"https:\/\/images.futebolinterior.com.br\/2021\/04\/0002050087040_img-300x235.jpg","resumo":"Jeferson Recife (foto abaixo), que estava no Campinense. Jeferson chega a Campinas na pr\u00f3xima ter\u00e7a-feira, quando realizar\u00e1 exames e assinar\u00e1 contrato"},"641348":{"titulo":"Palmeiras tenta a contrata\u00e7\u00e3o de zagueiro Alex do Milan","link":"https:\/\/www.futebolinterior.com.br\/palmeiras-tenta-a-contratacao-de-zagueiro-alex-do-milan\/","chapeu":"MAIS UM?","data":"12\/06\/2015","imagem":"https:\/\/images.futebolinterior.com.br\/2021\/04\/0002050087029_img-300x174.jpg","resumo":"Rafael Marques, Leandro Almeida e Manoel tamb\u00e9m est\u00e3o sendo cogitados no Verd\u00e3o"}}