{"641201":{"titulo":"S\u00e3o Paulo diz ter pago sal\u00e1rios atrasados, mas teme perder Pato","link":"https:\/\/www.futebolinterior.com.br\/sao-paulo-diz-ter-pago-salarios-atrasados-mas-teme-perder-pato\/","chapeu":"POL\u00caMICA","data":"12\/06\/2015","imagem":"https:\/\/images.futebolinterior.com.br\/2021\/04\/0002050087137_img-300x157.jpg","resumo":" A decis\u00e3o de Alexandre Pato de entrar na Justi\u00e7a contra o Corinthians para pedir a rescis\u00e3o contratual pode afetar o S\u00e3o Paulo, clube que o jogador defende atualmente"},"641207":{"titulo":"Fluminense treina de novo sem Fred e exibe d\u00favida sobre substituto de Wagner","link":"https:\/\/www.futebolinterior.com.br\/fluminense-treina-de-novo-sem-fred-e-exibe-duvida-sobre-substituto-de-wagner\/","chapeu":"QUEM JOGA?","data":"12\/06\/2015","imagem":"https:\/\/images.futebolinterior.com.br\/2021\/04\/0002050087134_img-300x171.jpg","resumo":"O meia-atacante Marcos Junior iniciou o treinamento como titular, mas depois foi substitu\u00eddo pelo volante Pierre. "},"641244":{"titulo":"Alecsandro explica juras de amor ao Flamengo e promete muitos gols pelo Palmeiras","link":"https:\/\/www.futebolinterior.com.br\/alecsandro-explica-juras-de-amor-ao-flamengo-e-promete-muitos-gols-pelo-palmeiras\/","chapeu":"ELE FALOU!","data":"12\/06\/2015","imagem":"https:\/\/images.futebolinterior.com.br\/2021\/04\/0002050087131_img-300x204.jpg","resumo":"Torcedor doente do Verd\u00e3o, Lela n\u00e3o se controlou de felicidade na apresenta\u00e7\u00e3o do filho"},"641212":{"titulo":"Com elenco enxuto, Corinthians repatria atacante Gustavo Tocantins, do Bragantino","link":"https:\/\/www.futebolinterior.com.br\/com-elenco-enxuto-corinthians-repatria-atacante-gustavo-tocantins-do-bragantino\/","chapeu":"FILHO PR\u00d3DIGO!","data":"12\/06\/2015","imagem":"https:\/\/images.futebolinterior.com.br\/2021\/04\/0002050087128_img-300x298.jpg","resumo":"Corinthians solicitou o retorno do atacante Gustavo Tocantins, de 19 anos, que estava emprestado ao Bragantino na S\u00e9rie B do Brasileiro."},"641228":{"titulo":"45\u00ba Curso para Treinadores do SITREFESP foi um grande sucesso","link":"https:\/\/www.futebolinterior.com.br\/45o-curso-para-treinadores-do-sitrefesp-foi-um-grande-sucesso\/","chapeu":"APROVADO","data":"12\/06\/2015","imagem":"https:\/\/images.futebolinterior.com.br\/2021\/04\/0002050087118_img-300x216.jpg","resumo":"Na \u00faltima semana do m\u00eas de maio, o Sindicato dos Treinadores Profissionais de Futebol do Estado de S\u00e3o Paulo (SITREFESP), presidido por Wladimir Rodrigues dos Santos"},"641222":{"titulo":"Encostado no Cruzeiro, Henrique Dourado interessa ao Gr\u00eamio","link":"https:\/\/www.futebolinterior.com.br\/encostado-no-cruzeiro-henrique-dourado-interessa-ao-gremio\/","chapeu":"NA MIRA","data":"12\/06\/2015","imagem":"https:\/\/images.futebolinterior.com.br\/2021\/04\/0002050087121_img-300x170.jpg","resumo":"Em busca de um atacante para brigar por uma posi\u00e7\u00e3o entre os titulares com Yuri Mamute e Braian Rodr\u00edguez, o Gr\u00eamio est\u00e1 analisando a contrata\u00e7\u00e3o de Henrique Dourado"},"641246":{"titulo":"Levir Culpi revela sal\u00e1rios atrasados no Atl\u00e9tico-MG, mas diretoria nega","link":"https:\/\/www.futebolinterior.com.br\/levir-culpi-revela-salarios-atrasados-no-atletico-mg-mas-diretoria-nega\/","chapeu":"CRISE?","data":"12\/06\/2015","imagem":"https:\/\/images.futebolinterior.com.br\/2021\/04\/0002050087106_img-300x200.jpg","resumo":" Sem vencer h\u00e1 dois jogos, o elenco tem que conviver com os sal\u00e1rios atrasados. Apesar da diretoria negar, a informa\u00e7\u00e3o foi revelada pelo t\u00e9cnico Levir Culpi"},"641272":{"titulo":"Aguirre confirma Inter com Rafael Moura e deixa Vitinho no banco","link":"https:\/\/www.futebolinterior.com.br\/aguirre-confirma-inter-com-rafael-moura-e-deixa-vitinho-no-banco\/","chapeu":"NOVIDADES!","data":"12\/06\/2015","imagem":"https:\/\/images.futebolinterior.com.br\/2021\/04\/0002050087105_img-300x200.jpg","resumo":"O Internacional est\u00e1 definido para o duelo com o Corinthians, neste s\u00e1bado, no Itaquer\u00e3o, pela s\u00e9tima rodada do Campeonato Brasileiro. "},"641248":{"titulo":"Valencia d\u00e1 bal\u00e3o no Atl\u00e9tico de Madrid e contrata Rodrigo Caio junto S\u00e3o Paulo","link":"https:\/\/www.futebolinterior.com.br\/valencia-da-balao-no-atletico-de-madrid-e-contrata-rodrigo-caio-junto-sao-paulo\/","chapeu":"REVIRAVOLTA","data":"12\/06\/2015","imagem":"https:\/\/images.futebolinterior.com.br\/2021\/04\/0002050087104_img-300x186.jpg","resumo":"O volante, que tamb\u00e9m atua como zagueiro, era considerado o novo refor\u00e7o do Atl\u00e9tico de Madrid at\u00e9 que o Valencia se atravessou no acerto na noite de quinta"},"641278":{"titulo":"Luxemburgo pede para jogadores encararem jogo contra o Vasco como decis\u00e3o","link":"https:\/\/www.futebolinterior.com.br\/luxemburgo-pede-para-jogadores-encararem-jogo-contra-o-vasco-como-decisao\/","chapeu":"P\u00c9S NO CH\u00c3O","data":"12\/06\/2015","imagem":"https:\/\/images.futebolinterior.com.br\/2021\/04\/0002050087103_img-300x203.jpg","resumo":"O t\u00e9cnico pede para seus jogadores encararem o duelo com o Vasco, neste s\u00e1bado, em S\u00e3o Janu\u00e1rio, pela s\u00e9tima rodada, como uma decis\u00e3"}}